{"id":28999,"date":"2023-06-15T14:22:09","date_gmt":"2023-06-15T14:22:09","guid":{"rendered":"https:\/\/elinformante.mx\/?p=28999"},"modified":"2023-06-15T14:22:09","modified_gmt":"2023-06-15T14:22:09","slug":"inicia-pepe-couttolenc-gira-de-agradecimiento-a-estructuras-verdes-por-el-estado-de-mexico","status":"publish","type":"post","link":"https:\/\/elinformante.mx\/?p=28999","title":{"rendered":"Inicia \u201cPepe\u201d Couttolenc gira de agradecimiento a estructuras Verdes por el Estado de M\u00e9xico"},"content":{"rendered":"\n<blockquote class=\"wp-block-quote is-layout-flow wp-block-quote-is-layout-flow\">\n<p>Explic\u00f3 que el Estado de M\u00e9xico se gan\u00f3 por ocho puntos porcentuales y el Partido Verde aport\u00f3 10 por ciento.<\/p>\n<\/blockquote>\n\n\n\n<p>Desde Sultepec, Jos\u00e9 Alberto Couttolenc Buentello, dirigente estatal del Partido Verde Ecologista de M\u00e9xico (PVEM) en el Estado de M\u00e9xico arranc\u00f3 una gira de agradecimiento a su estructura y mega reforestaci\u00f3n, tras los resultados obtenidos en las recientes elecciones para gobernador que favorecieron a la Maestra Delfina G\u00f3mez \u00c1lvarez.<br><\/p>\n\n\n\n<p>\u201cHoy aqu\u00ed, en Sultepec arrancamos una gira de agradecimiento en todo el Estado de M\u00e9xico, vamos a visitar municipio por municipio y agradecer a todos los ecologistas que se la han rifado por nosotros desde un principio\u201d, coment\u00f3 \u201cPepe\u201d Couttolenc, frente a cientos de integrantes de la Familia Verde y de su Presidente Municipal, Jos\u00e9 Alberto Mej\u00eda Santa Olalla.<br><\/p>\n\n\n\n<figure class=\"wp-block-image size-large\"><img fetchpriority=\"high\" decoding=\"async\" width=\"1024\" height=\"503\" src=\"https:\/\/elinformante.mx\/wp-content\/uploads\/2023\/06\/INICIA-3-1024x503.jpg\" alt=\"\" class=\"wp-image-29001\" srcset=\"https:\/\/elinformante.mx\/wp-content\/uploads\/2023\/06\/INICIA-3-1024x503.jpg 1024w, https:\/\/elinformante.mx\/wp-content\/uploads\/2023\/06\/INICIA-3-300x147.jpg 300w, https:\/\/elinformante.mx\/wp-content\/uploads\/2023\/06\/INICIA-3-768x377.jpg 768w, https:\/\/elinformante.mx\/wp-content\/uploads\/2023\/06\/INICIA-3-580x285.jpg 580w, https:\/\/elinformante.mx\/wp-content\/uploads\/2023\/06\/INICIA-3-860x422.jpg 860w, https:\/\/elinformante.mx\/wp-content\/uploads\/2023\/06\/INICIA-3.jpg 1140w\" sizes=\"(max-width: 1024px) 100vw, 1024px\" \/><\/figure>\n\n\n\n<p>Explic\u00f3 que el Estado de M\u00e9xico se gan\u00f3 por ocho puntos porcentuales y el Partido Verde aport\u00f3 10 por ciento, por lo que reconoci\u00f3 el trabajo y esfuerzo de la toda la estructura ecologista que fue determinante para el triunfo de la Maestra G\u00f3mez \u00c1lvarez en esta contienda electoral, \u201calgo que se premia en el partido es la meritocracia, todos aquellos que trabajan, que se la han rifado por nosotros les tiene que ir muy bien\u201d.<br><\/p>\n\n\n\n<p>Del mismo modo, resalt\u00f3 la labor en este municipio Verde, no solo en campa\u00f1a sino en toda la administraci\u00f3n, por el \u201cG\u00fcero\u201d Mej\u00eda quien lo ha posicionado como una referencia en los cierres de campa\u00f1a y es punta de lanza en los programas sociales que han impulsado.<br><\/p>\n\n\n\n<figure class=\"wp-block-image size-large\"><img decoding=\"async\" width=\"1024\" height=\"503\" src=\"https:\/\/elinformante.mx\/wp-content\/uploads\/2023\/06\/INIICIA-2-1024x503.jpg\" alt=\"\" class=\"wp-image-29003\" srcset=\"https:\/\/elinformante.mx\/wp-content\/uploads\/2023\/06\/INIICIA-2-1024x503.jpg 1024w, https:\/\/elinformante.mx\/wp-content\/uploads\/2023\/06\/INIICIA-2-300x147.jpg 300w, https:\/\/elinformante.mx\/wp-content\/uploads\/2023\/06\/INIICIA-2-768x377.jpg 768w, https:\/\/elinformante.mx\/wp-content\/uploads\/2023\/06\/INIICIA-2-580x285.jpg 580w, https:\/\/elinformante.mx\/wp-content\/uploads\/2023\/06\/INIICIA-2-860x422.jpg 860w, https:\/\/elinformante.mx\/wp-content\/uploads\/2023\/06\/INIICIA-2.jpg 1140w\" sizes=\"(max-width: 1024px) 100vw, 1024px\" \/><\/figure>\n\n\n\n<p>\u201cSe abrir\u00e1 una ventana de oportunidades brutal, habr\u00e1 apoyos como nunca antes, vamos a impulsar el municipio de Sultepec para que sea referencia en todo el Estado de M\u00e9xico, no solo en el sur (del estado), queremos replicar este modelo con el liderazgo, por supuesto, de nuestro presidente, el G\u00fcero Mej\u00eda, pero todo esto empieza gracias y por ustedes que creyeron en este proyecto del Verde Edomex\u201d, asegur\u00f3.<br><\/p>\n\n\n\n<p>Finalmente, Couttolenc Buentello record\u00f3 el crecimiento de este instituto pol\u00edtico en los \u00faltimos a\u00f1os y que hoy se coloca a la par del PAN, posicion\u00e1ndose pr\u00e1cticamente como la tercera fuerza pol\u00edtica en la entidad, no obstante, record\u00f3 prepararse el siguiente proceso electoral de 2024, \u201chay que seguir trabajando, pero ahorita toca festejo\u201d.<\/p>\n","protected":false},"excerpt":{"rendered":"<p>Explic\u00f3 que el Estado de M\u00e9xico se gan\u00f3 por ocho puntos porcentuales y el Partido Verde aport\u00f3 10 por ciento. Desde Sultepec, Jos\u00e9 Alberto Couttolenc Buentello, dirigente estatal del Partido Verde Ecologista de M\u00e9xico (PVEM) en el Estado de M\u00e9xico arranc\u00f3 una gira de agradecimiento a su estructura y mega reforestaci\u00f3n, tras los resultados obtenidos [&hellip;]<\/p>\n","protected":false},"author":1,"featured_media":29000,"comment_status":"closed","ping_status":"closed","sticky":false,"template":"","format":"standard","meta":{"footnotes":""},"categories":[30,36],"tags":[],"class_list":["post-28999","post","type-post","status-publish","format-standard","has-post-thumbnail","hentry","category-destacado","category-edomex"],"_links":{"self":[{"href":"https:\/\/elinformante.mx\/index.php?rest_route=\/wp\/v2\/posts\/28999","targetHints":{"allow":["GET"]}}],"collection":[{"href":"https:\/\/elinformante.mx\/index.php?rest_route=\/wp\/v2\/posts"}],"about":[{"href":"https:\/\/elinformante.mx\/index.php?rest_route=\/wp\/v2\/types\/post"}],"author":[{"embeddable":true,"href":"https:\/\/elinformante.mx\/index.php?rest_route=\/wp\/v2\/users\/1"}],"replies":[{"embeddable":true,"href":"https:\/\/elinformante.mx\/index.php?rest_route=%2Fwp%2Fv2%2Fcomments&post=28999"}],"version-history":[{"count":0,"href":"https:\/\/elinformante.mx\/index.php?rest_route=\/wp\/v2\/posts\/28999\/revisions"}],"wp:featuredmedia":[{"embeddable":true,"href":"https:\/\/elinformante.mx\/index.php?rest_route=\/wp\/v2\/media\/29000"}],"wp:attachment":[{"href":"https:\/\/elinformante.mx\/index.php?rest_route=%2Fwp%2Fv2%2Fmedia&parent=28999"}],"wp:term":[{"taxonomy":"category","embeddable":true,"href":"https:\/\/elinformante.mx\/index.php?rest_route=%2Fwp%2Fv2%2Fcategories&post=28999"},{"taxonomy":"post_tag","embeddable":true,"href":"https:\/\/elinformante.mx\/index.php?rest_route=%2Fwp%2Fv2%2Ftags&post=28999"}],"curies":[{"name":"wp","href":"https:\/\/api.w.org\/{rel}","templated":true}]}}