{"id":29005,"date":"2023-06-15T14:24:09","date_gmt":"2023-06-15T14:24:09","guid":{"rendered":"https:\/\/elinformante.mx\/?p=29005"},"modified":"2023-06-15T14:24:10","modified_gmt":"2023-06-15T14:24:10","slug":"la-uaemex-abre-segunda-convocatoria-de-nuevo-ingreso","status":"publish","type":"post","link":"https:\/\/elinformante.mx\/?p=29005","title":{"rendered":"La UAEM\u00e9x abre segunda convocatoria de nuevo ingreso"},"content":{"rendered":"\n<blockquote class=\"wp-block-quote is-layout-flow wp-block-quote-is-layout-flow\">\n<p>El rector de la UAEMex, Carlos Eduardo Barrera D\u00edaz, dio a conocer esta informaci\u00f3n a trav\u00e9s de las redes sociales de la universidad.<\/p>\n<\/blockquote>\n\n\n\n<p>La Universidad Aut\u00f3noma del Estado de M\u00e9xico ha anunciado la apertura de su segunda convocatoria de nuevo ingreso. Brindando una excelente oportunidad para aquellos interesados en formar parte de esta prestigiosa instituci\u00f3n acad\u00e9mica.<br><\/p>\n\n\n\n<p>Ofreciendo entre mil 500 y 2 mil espacios para estudiantes, el rector de la UAEMex, Carlos Eduardo Barrera D\u00edaz, dio a conocer esta informaci\u00f3n a trav\u00e9s de las redes sociales de la universidad. Esta segunda convocatoria llega despu\u00e9s de la conclusi\u00f3n de las inscripciones de la primera convocatoria, donde se determinar\u00e1n los espacios disponibles y las carreras que podr\u00e1n presentar la evaluaci\u00f3n en esta etapa de selecci\u00f3n.<br><\/p>\n\n\n\n<p>En la primera fase de selecci\u00f3n, m\u00e1s de 66 mil estudiantes realizaron su tr\u00e1mite de preinscripci\u00f3n, con m\u00e1s de 17 mil aceptados en licenciaturas y 18 mil en preparatorias.<br><\/p>\n\n\n\n<p>La segunda convocatoria de nuevo ingreso estar\u00e1 abierta desde el 14 hasta el 16 de junio de este a\u00f1o. Los ex\u00e1menes nacionales de ingreso a la educaci\u00f3n superior (Exani II) y a la educaci\u00f3n media superior (EXANI-I) se llevar\u00e1n a cabo los d\u00edas 5 y 6 de julio de 2023. Las listas definitivas de aceptados se publicar\u00e1n el 16 de julio.<br><\/p>\n\n\n\n<p>Para los estudiantes aceptados, el proceso de inscripci\u00f3n se llevar\u00e1 a cabo los d\u00edas 3 y 4 de agosto. El ciclo escolar 2023-2024 o el semestre 2023B dar\u00e1 inicio el 7 de agosto.<\/p>\n","protected":false},"excerpt":{"rendered":"<p>El rector de la UAEMex, Carlos Eduardo Barrera D\u00edaz, dio a conocer esta informaci\u00f3n a trav\u00e9s de las redes sociales de la universidad. La Universidad Aut\u00f3noma del Estado de M\u00e9xico ha anunciado la apertura de su segunda convocatoria de nuevo ingreso. Brindando una excelente oportunidad para aquellos interesados en formar parte de esta prestigiosa instituci\u00f3n [&hellip;]<\/p>\n","protected":false},"author":1,"featured_media":29006,"comment_status":"closed","ping_status":"closed","sticky":false,"template":"","format":"standard","meta":{"footnotes":""},"categories":[30,36],"tags":[],"class_list":["post-29005","post","type-post","status-publish","format-standard","has-post-thumbnail","hentry","category-destacado","category-edomex"],"_links":{"self":[{"href":"https:\/\/elinformante.mx\/index.php?rest_route=\/wp\/v2\/posts\/29005","targetHints":{"allow":["GET"]}}],"collection":[{"href":"https:\/\/elinformante.mx\/index.php?rest_route=\/wp\/v2\/posts"}],"about":[{"href":"https:\/\/elinformante.mx\/index.php?rest_route=\/wp\/v2\/types\/post"}],"author":[{"embeddable":true,"href":"https:\/\/elinformante.mx\/index.php?rest_route=\/wp\/v2\/users\/1"}],"replies":[{"embeddable":true,"href":"https:\/\/elinformante.mx\/index.php?rest_route=%2Fwp%2Fv2%2Fcomments&post=29005"}],"version-history":[{"count":0,"href":"https:\/\/elinformante.mx\/index.php?rest_route=\/wp\/v2\/posts\/29005\/revisions"}],"wp:featuredmedia":[{"embeddable":true,"href":"https:\/\/elinformante.mx\/index.php?rest_route=\/wp\/v2\/media\/29006"}],"wp:attachment":[{"href":"https:\/\/elinformante.mx\/index.php?rest_route=%2Fwp%2Fv2%2Fmedia&parent=29005"}],"wp:term":[{"taxonomy":"category","embeddable":true,"href":"https:\/\/elinformante.mx\/index.php?rest_route=%2Fwp%2Fv2%2Fcategories&post=29005"},{"taxonomy":"post_tag","embeddable":true,"href":"https:\/\/elinformante.mx\/index.php?rest_route=%2Fwp%2Fv2%2Ftags&post=29005"}],"curies":[{"name":"wp","href":"https:\/\/api.w.org\/{rel}","templated":true}]}}