{"id":29008,"date":"2023-06-15T14:28:21","date_gmt":"2023-06-15T14:28:21","guid":{"rendered":"https:\/\/elinformante.mx\/?p=29008"},"modified":"2023-06-15T14:29:39","modified_gmt":"2023-06-15T14:29:39","slug":"entrega-equipo-cinematografico-el-rector-de-la-uaemex-a-la-escuela-de-artes-escenicas","status":"publish","type":"post","link":"https:\/\/elinformante.mx\/?p=29008","title":{"rendered":"Entrega equipo cinematogr\u00e1fico el rector de la UAEM\u00e9x a la Escuela de Artes Esc\u00e9nicas"},"content":{"rendered":"\n<blockquote class=\"wp-block-quote is-layout-flow wp-block-quote-is-layout-flow\">\n<p>Desde reflectores , c\u00e1maras, tramoyas y lentes, buscando seguir comprometidos en proporcionar mejores condiciones acad\u00e9micas para impulsar el talento y la creatividad en el mundo del cine.<\/p>\n<\/blockquote>\n\n\n\n<p>El Rector de la UAEM\u00e9x, Carlos Eduardo Barrera D\u00edaz, hizo entrega de equipo a la Licenciatura en Estudios Cinematogr\u00e1ficos de la Escuela de Artes Esc\u00e9nicas UAEM\u00e9x.<\/p>\n\n\n\n<p>Desde reflectores , c\u00e1maras, tramoyas y lentes, buscando seguir comprometidos en proporcionar mejores condiciones acad\u00e9micas para impulsar el talento y la creatividad en el mundo del cine.<\/p>\n\n\n\n<figure class=\"wp-block-image size-large\"><img fetchpriority=\"high\" decoding=\"async\" width=\"1024\" height=\"503\" src=\"https:\/\/elinformante.mx\/wp-content\/uploads\/2023\/06\/entrega-1-1024x503.jpg\" alt=\"\" class=\"wp-image-29010\" srcset=\"https:\/\/elinformante.mx\/wp-content\/uploads\/2023\/06\/entrega-1-1024x503.jpg 1024w, https:\/\/elinformante.mx\/wp-content\/uploads\/2023\/06\/entrega-1-300x147.jpg 300w, https:\/\/elinformante.mx\/wp-content\/uploads\/2023\/06\/entrega-1-768x377.jpg 768w, https:\/\/elinformante.mx\/wp-content\/uploads\/2023\/06\/entrega-1-580x285.jpg 580w, https:\/\/elinformante.mx\/wp-content\/uploads\/2023\/06\/entrega-1-860x422.jpg 860w, https:\/\/elinformante.mx\/wp-content\/uploads\/2023\/06\/entrega-1.jpg 1140w\" sizes=\"(max-width: 1024px) 100vw, 1024px\" \/><\/figure>\n","protected":false},"excerpt":{"rendered":"<p>Desde reflectores , c\u00e1maras, tramoyas y lentes, buscando seguir comprometidos en proporcionar mejores condiciones acad\u00e9micas para impulsar el talento y la creatividad en el mundo del cine. El Rector de la UAEM\u00e9x, Carlos Eduardo Barrera D\u00edaz, hizo entrega de equipo a la Licenciatura en Estudios Cinematogr\u00e1ficos de la Escuela de Artes Esc\u00e9nicas UAEM\u00e9x. Desde reflectores [&hellip;]<\/p>\n","protected":false},"author":1,"featured_media":29009,"comment_status":"closed","ping_status":"closed","sticky":false,"template":"","format":"standard","meta":{"footnotes":""},"categories":[30,36],"tags":[],"class_list":["post-29008","post","type-post","status-publish","format-standard","has-post-thumbnail","hentry","category-destacado","category-edomex"],"_links":{"self":[{"href":"https:\/\/elinformante.mx\/index.php?rest_route=\/wp\/v2\/posts\/29008","targetHints":{"allow":["GET"]}}],"collection":[{"href":"https:\/\/elinformante.mx\/index.php?rest_route=\/wp\/v2\/posts"}],"about":[{"href":"https:\/\/elinformante.mx\/index.php?rest_route=\/wp\/v2\/types\/post"}],"author":[{"embeddable":true,"href":"https:\/\/elinformante.mx\/index.php?rest_route=\/wp\/v2\/users\/1"}],"replies":[{"embeddable":true,"href":"https:\/\/elinformante.mx\/index.php?rest_route=%2Fwp%2Fv2%2Fcomments&post=29008"}],"version-history":[{"count":0,"href":"https:\/\/elinformante.mx\/index.php?rest_route=\/wp\/v2\/posts\/29008\/revisions"}],"wp:featuredmedia":[{"embeddable":true,"href":"https:\/\/elinformante.mx\/index.php?rest_route=\/wp\/v2\/media\/29009"}],"wp:attachment":[{"href":"https:\/\/elinformante.mx\/index.php?rest_route=%2Fwp%2Fv2%2Fmedia&parent=29008"}],"wp:term":[{"taxonomy":"category","embeddable":true,"href":"https:\/\/elinformante.mx\/index.php?rest_route=%2Fwp%2Fv2%2Fcategories&post=29008"},{"taxonomy":"post_tag","embeddable":true,"href":"https:\/\/elinformante.mx\/index.php?rest_route=%2Fwp%2Fv2%2Ftags&post=29008"}],"curies":[{"name":"wp","href":"https:\/\/api.w.org\/{rel}","templated":true}]}}