{"id":29013,"date":"2023-06-15T14:31:10","date_gmt":"2023-06-15T14:31:10","guid":{"rendered":"https:\/\/elinformante.mx\/?p=29013"},"modified":"2023-06-15T14:31:11","modified_gmt":"2023-06-15T14:31:11","slug":"empresas-del-transporte-publico-piden-aumento-en-la-tarifa-rls","status":"publish","type":"post","link":"https:\/\/elinformante.mx\/?p=29013","title":{"rendered":"Empresas del transporte p\u00fablico piden aumento en la tarifa: RLS"},"content":{"rendered":"\n<blockquote class=\"wp-block-quote is-layout-flow wp-block-quote-is-layout-flow\">\n<p>Empieza la presi\u00f3n del \u201cpulpo camionero\u201d luego de que concluyeran las elecciones.<\/p>\n<\/blockquote>\n\n\n\n<p>Ricardo Lugo Serv\u00edn, vocal del Instituto del Transporte del Estado de M\u00e9xico dio a conocer que hasta el momento se descarta la posibilidad de un aumento a la tarifa del transporte p\u00fablico, a pesar de que tres empresas del Valle de Toluca solicitaron un an\u00e1lisis sobre la viabilidad de dicho incremento.<br><\/p>\n\n\n\n<p>Hasta el momento, dijo, se tiene conocimiento que la empresa Xinantecatl cobra 14 pesos, cuando la tarifa oficial es de 12 pesos, \u201ctenemos que verificar si existe un cobro o aumento en el pasaje fuera de lo establecido y desde luego se har\u00e1 acreedor a una sanci\u00f3n\u201d.<br><\/p>\n\n\n\n<p>\u201cEl instituto cuenta con correo electr\u00f3nico de denuncia, por lo que la ciudadan\u00eda puede ingresar a la p\u00e1gina oficial y dejarnos su queja, a fin de que el personal autorizado lo verifique y se tomen las medidas correspondientes\u201d, indic\u00f3.<br><\/p>\n\n\n\n<p>De igual forma coment\u00f3 el funcionario en entrevista que muy probablemente el an\u00e1lisis para saber si es viable o no un aumento en el transporte no se har\u00e1 en esta administraci\u00f3n, por lo que la gente seguir\u00e1 pagando 12 pesos que es la tarifa autorizada.<br><\/p>\n\n\n\n<p>\u201cPara que se autorice un incremento se debe llevar a cabo un proceso riguroso, y que no debe ser una decisi\u00f3n tomada a la ligera. Hay que revisar, hay que solicitar al consejo t\u00e9cnico, una serie de acciones, ser\u00eda aventurado decir de cu\u00e1nto podr\u00eda ser un posible aumento, hay que valorar otras cosas\u201d, precis\u00f3.<br><\/p>\n\n\n\n<p>Finalmente, Lugo Serv\u00edn se\u00f1al\u00f3 que las empresas transportistas que quieren el incremento son urbanas, y de darse el aumento en la tarifa debe ser homologado, es decir, que todas las empresas est\u00e9n a favor del monto del mismo.<\/p>\n","protected":false},"excerpt":{"rendered":"<p>Empieza la presi\u00f3n del \u201cpulpo camionero\u201d luego de que concluyeran las elecciones. Ricardo Lugo Serv\u00edn, vocal del Instituto del Transporte del Estado de M\u00e9xico dio a conocer que hasta el momento se descarta la posibilidad de un aumento a la tarifa del transporte p\u00fablico, a pesar de que tres empresas del Valle de Toluca solicitaron [&hellip;]<\/p>\n","protected":false},"author":1,"featured_media":29014,"comment_status":"closed","ping_status":"closed","sticky":false,"template":"","format":"standard","meta":{"footnotes":""},"categories":[30,36],"tags":[],"class_list":["post-29013","post","type-post","status-publish","format-standard","has-post-thumbnail","hentry","category-destacado","category-edomex"],"_links":{"self":[{"href":"https:\/\/elinformante.mx\/index.php?rest_route=\/wp\/v2\/posts\/29013","targetHints":{"allow":["GET"]}}],"collection":[{"href":"https:\/\/elinformante.mx\/index.php?rest_route=\/wp\/v2\/posts"}],"about":[{"href":"https:\/\/elinformante.mx\/index.php?rest_route=\/wp\/v2\/types\/post"}],"author":[{"embeddable":true,"href":"https:\/\/elinformante.mx\/index.php?rest_route=\/wp\/v2\/users\/1"}],"replies":[{"embeddable":true,"href":"https:\/\/elinformante.mx\/index.php?rest_route=%2Fwp%2Fv2%2Fcomments&post=29013"}],"version-history":[{"count":0,"href":"https:\/\/elinformante.mx\/index.php?rest_route=\/wp\/v2\/posts\/29013\/revisions"}],"wp:featuredmedia":[{"embeddable":true,"href":"https:\/\/elinformante.mx\/index.php?rest_route=\/wp\/v2\/media\/29014"}],"wp:attachment":[{"href":"https:\/\/elinformante.mx\/index.php?rest_route=%2Fwp%2Fv2%2Fmedia&parent=29013"}],"wp:term":[{"taxonomy":"category","embeddable":true,"href":"https:\/\/elinformante.mx\/index.php?rest_route=%2Fwp%2Fv2%2Fcategories&post=29013"},{"taxonomy":"post_tag","embeddable":true,"href":"https:\/\/elinformante.mx\/index.php?rest_route=%2Fwp%2Fv2%2Ftags&post=29013"}],"curies":[{"name":"wp","href":"https:\/\/api.w.org\/{rel}","templated":true}]}}