{"id":29023,"date":"2023-06-15T14:49:17","date_gmt":"2023-06-15T14:49:17","guid":{"rendered":"https:\/\/elinformante.mx\/?p=29023"},"modified":"2023-06-15T14:49:18","modified_gmt":"2023-06-15T14:49:18","slug":"desde-abril-alvaro-obregon-reporto-mal-estado-de-puente-colapsado","status":"publish","type":"post","link":"https:\/\/elinformante.mx\/?p=29023","title":{"rendered":"Desde abril \u00c1lvaro Obreg\u00f3n report\u00f3 mal estado de puente colapsado"},"content":{"rendered":"\n<blockquote class=\"wp-block-quote is-layout-flow wp-block-quote-is-layout-flow\">\n<p>L\u00eda Lim\u00f3n afirma que el Sacmex hizo caso omiso; se evit\u00f3 tragedia al acordonar zona, dice.<\/p>\n<\/blockquote>\n\n\n\n<p>Luego de que este fin de semana se desplom\u00f3 el puente peatonal del parque de Las Aves, ubicado en R\u00edo Becerra en la alcald\u00eda \u00c1lvaro Obreg\u00f3n, la edil L\u00eda Lim\u00f3n dijo que desde abril hab\u00edan reportado al Sistema de Aguas de la Ciudad de M\u00e9xico (Sacmex) que estaba en mal estado, por lo que buscaron su intervenci\u00f3n para la reparaci\u00f3n y evitar una tragedia, pero hicieron caso omiso.<br><\/p>\n\n\n\n<p>\u201cDesde abril hemos estado pidiendo al Sistema de Aguas de la Ciudad de M\u00e9xico, que depende de Claudia Sheinbaum [jefa de Gobierno], que atienda este problema. Aqu\u00ed hay copia de los cinco oficios que hemos mandado a dicha instancia\u201d, denunci\u00f3 la alcaldesa en un video que public\u00f3 en redes sociales.<br><\/p>\n\n\n\n<p>L\u00eda Lim\u00f3n record\u00f3 que el pasado viernes 8 de junio, un d\u00eda antes del colapso, Sacmex se reuni\u00f3 con los vecinos para revisar las condiciones del puente peatonal que atraviesa R\u00edo Becerra; sin embargo, indicaron que se tardar\u00eda por lo menos 15 d\u00edas en atenderlo.<br><\/p>\n\n\n\n<p>\u201cEs obligaci\u00f3n de Sacmex, y es incre\u00edble que no cumpla con dicha obligaci\u00f3n poniendo en riesgo la vida de los vecinos, Nosotros, desde la alcald\u00eda la semana pasada afortunadamente acordonamos la zona para evitar que el colapso inminente de este puente pusiera en riesgo la vida de cualquier persona\u201d, indic\u00f3.<br><\/p>\n\n\n\n<p>En ese sentido, L\u00eda Lim\u00f3n exigi\u00f3 al Sistema de Aguas que realice la atenci\u00f3n del puente, luego que se desplom\u00f3 la tarde del 9 de junio y no hubo heridos, ya que la demarcaci\u00f3n acordon\u00f3 para evitar accidentes que pusieran en riesgo la vida de las personas.<br><\/p>\n\n\n\n<p>Hasta el momento, el Sistema de Aguas de la Ciudad de M\u00e9xico no se ha posicionado sobre la ca\u00edda del puente peatonal que se encontraba en mal estado desde abril de este a\u00f1o.<br><\/p>\n\n\n\n<p>La alcald\u00eda \u00c1lvaro Obreg\u00f3n inform\u00f3 que 550 personas asistieron a la octava Feria del Empleo, la cual se llev\u00f3 a cabo en coordinaci\u00f3n la Universidad An\u00e1huac.<br><\/p>\n\n\n\n<p>En esta edici\u00f3n, la cuarta que se realiza en coordinaci\u00f3n con los aliados de la universidad, se presentaron 70 empresas que ofertaron 2 mil vacantes, con todas las prestaciones de ley.<\/p>\n","protected":false},"excerpt":{"rendered":"<p>L\u00eda Lim\u00f3n afirma que el Sacmex hizo caso omiso; se evit\u00f3 tragedia al acordonar zona, dice. Luego de que este fin de semana se desplom\u00f3 el puente peatonal del parque de Las Aves, ubicado en R\u00edo Becerra en la alcald\u00eda \u00c1lvaro Obreg\u00f3n, la edil L\u00eda Lim\u00f3n dijo que desde abril hab\u00edan reportado al Sistema de [&hellip;]<\/p>\n","protected":false},"author":1,"featured_media":29024,"comment_status":"closed","ping_status":"closed","sticky":false,"template":"","format":"standard","meta":{"footnotes":""},"categories":[35],"tags":[],"class_list":["post-29023","post","type-post","status-publish","format-standard","has-post-thumbnail","hentry","category-cdmx"],"_links":{"self":[{"href":"https:\/\/elinformante.mx\/index.php?rest_route=\/wp\/v2\/posts\/29023","targetHints":{"allow":["GET"]}}],"collection":[{"href":"https:\/\/elinformante.mx\/index.php?rest_route=\/wp\/v2\/posts"}],"about":[{"href":"https:\/\/elinformante.mx\/index.php?rest_route=\/wp\/v2\/types\/post"}],"author":[{"embeddable":true,"href":"https:\/\/elinformante.mx\/index.php?rest_route=\/wp\/v2\/users\/1"}],"replies":[{"embeddable":true,"href":"https:\/\/elinformante.mx\/index.php?rest_route=%2Fwp%2Fv2%2Fcomments&post=29023"}],"version-history":[{"count":0,"href":"https:\/\/elinformante.mx\/index.php?rest_route=\/wp\/v2\/posts\/29023\/revisions"}],"wp:featuredmedia":[{"embeddable":true,"href":"https:\/\/elinformante.mx\/index.php?rest_route=\/wp\/v2\/media\/29024"}],"wp:attachment":[{"href":"https:\/\/elinformante.mx\/index.php?rest_route=%2Fwp%2Fv2%2Fmedia&parent=29023"}],"wp:term":[{"taxonomy":"category","embeddable":true,"href":"https:\/\/elinformante.mx\/index.php?rest_route=%2Fwp%2Fv2%2Fcategories&post=29023"},{"taxonomy":"post_tag","embeddable":true,"href":"https:\/\/elinformante.mx\/index.php?rest_route=%2Fwp%2Fv2%2Ftags&post=29023"}],"curies":[{"name":"wp","href":"https:\/\/api.w.org\/{rel}","templated":true}]}}