{"id":29026,"date":"2023-06-15T14:50:27","date_gmt":"2023-06-15T14:50:27","guid":{"rendered":"https:\/\/elinformante.mx\/?p=29026"},"modified":"2023-06-15T14:50:28","modified_gmt":"2023-06-15T14:50:28","slug":"marti-batres-sera-el-nuevo-jefe-de-gobierno-de-cdmx-en-sustitucion-de-sheinbaum","status":"publish","type":"post","link":"https:\/\/elinformante.mx\/?p=29026","title":{"rendered":"Mart\u00ed Batres ser\u00e1 el nuevo jefe de Gobierno de CDMX en sustituci\u00f3n de Sheinbaum"},"content":{"rendered":"\n<blockquote class=\"wp-block-quote is-layout-flow wp-block-quote-is-layout-flow\">\n<p>El Congreso de la Ciudad de M\u00e9xico tendr\u00e1 una sesi\u00f3n extraordinaria el viernes 16 de junio para votar si aprueba o no su licencia.<\/p>\n<\/blockquote>\n\n\n\n<p>Claudia Sheinbaum inform\u00f3 que Marti Batres, secretario de Gobierno de la capital del pa\u00eds, se quedar\u00e1 en la Jefatura de Gobierno de la Ciudad de M\u00e9xico a partir del viernes 16 de junio, luego de que pidi\u00f3 licencia para buscar la candidatura presidencial de Morena.<br><\/p>\n\n\n\n<p>En conferencia en el Antiguo Palacio del Ayuntamiento, la todav\u00eda mandataria capitalina dijo que, en acuerdo con Mart\u00ed Batres, se mantendr\u00e1n todos los secretarios del gabinete del gobierno de la Ciudad de M\u00e9xico.<br><\/p>\n\n\n\n<p>\u201cNo me acompa\u00f1an en este nuevo periodo\u201d, explic\u00f3 en referencia al recorrido que iniciar\u00e1 el lunes en b\u00fasqueda de ganar la encuesta de Morena que revelar\u00e1 al candidato presidencial de ese partido.<br><\/p>\n\n\n\n<p>En su mensaje, Claudia Sheinbaum tambi\u00e9n anunci\u00f3 \u201ctareas especiales\u201d tras su salida del gobierno capitalino, y en particular detall\u00f3 que el actual secretario de Seguridad, Omar Garc\u00eda Harfuch, encabezar\u00e1 el gabinete de seguridad y construcci\u00f3n de paz.<br><\/p>\n\n\n\n<p>El funcionario capitalino extendi\u00f3 su agradecimiento a Claudia Sheinbaum por haberlo invitado a su gobierno, donde fue parte de \u201cuna participaci\u00f3n intensa en el proceso de cambio del pa\u00eds y de la Ciudad de M\u00e9xico\u201d.<br><\/p>\n\n\n\n<p>Asegur\u00f3 que haber sido elegido para este nuevo cargo es un gesto muy importante en lo personal, pol\u00edtico y colectivo.<br><\/p>\n\n\n\n<p>\u201cQuiero dejar en claro que tenemos que hablar con todas las fracciones parlamentarias antes de llegar a la sesi\u00f3n (extraordinaria del Congreso) del viernes. Ya la doctora Sheinbaum ha hablado sobre el proceso general con ellas\u201d.<br><\/p>\n\n\n\n<p>Mart\u00ed Batres, todav\u00eda secretario de Gobierno de la Ciudad de M\u00e9xico expres\u00f3 que tendr\u00e1 siete prioridades durante su nuevo cargo.<br><\/p>\n\n\n\n<ul class=\"wp-block-list\">\n<li>Darle seguimiento a las obras del gobierno.<\/li>\n\n\n\n<li>Cuidar y mantener la paz y tranquilidad de la ciudad.<\/li>\n\n\n\n<li>Di\u00e1logo con las fuerzas pol\u00edticas, sociales y econ\u00f3micas.<\/li>\n\n\n\n<li>Cercan\u00eda con la ciudadan\u00eda, especialmente con las clases humildes.<\/li>\n\n\n\n<li>Mantener al gabinete, donde hay una memoria de todo lo realizado, un conocimiento profundo de lo que se ha venido haciendo.<\/li>\n\n\n\n<li>Continuar las reuniones del gabinete de seguridad.<\/li>\n\n\n\n<li>Tener coordinaci\u00f3n con todos los niveles de gobierno, mantener una relaci\u00f3n estrecha y fuerte y una comuni\u00f3n de ideales, dijo el funcionario.<\/li>\n<\/ul>\n\n\n\n<p>Esta designaci\u00f3n implicar\u00eda que, por ley, Mart\u00ed Batres ya no podr\u00eda competir por la candidatura de Morena por la Jefatura de Gobierno de la Ciudad de M\u00e9xico en los comicios locales del pr\u00f3ximo a\u00f1o.<br><\/p>\n\n\n\n<p>El Congreso de la Ciudad de M\u00e9xico tendr\u00e1 una sesi\u00f3n extraordinaria para votar si aprueba o no su licencia; adem\u00e1s de elegir a la pr\u00f3xima persona titular de la Jefatura de Gobierno.<br><\/p>\n\n\n\n<p>M\u00e1s temprano, la Comisi\u00f3n Permanente del Congreso de la Ciudad de M\u00e9xico aval\u00f3 el periodo extraordinario para el viernes en la cual otorgar\u00e1n la licencia a Sheinbaum y se instalar\u00e1n en Colegio Electoral para definir a su sucesor.<\/p>\n","protected":false},"excerpt":{"rendered":"<p>El Congreso de la Ciudad de M\u00e9xico tendr\u00e1 una sesi\u00f3n extraordinaria el viernes 16 de junio para votar si aprueba o no su licencia. Claudia Sheinbaum inform\u00f3 que Marti Batres, secretario de Gobierno de la capital del pa\u00eds, se quedar\u00e1 en la Jefatura de Gobierno de la Ciudad de M\u00e9xico a partir del viernes 16 [&hellip;]<\/p>\n","protected":false},"author":1,"featured_media":29027,"comment_status":"closed","ping_status":"closed","sticky":false,"template":"","format":"standard","meta":{"footnotes":""},"categories":[35],"tags":[],"class_list":["post-29026","post","type-post","status-publish","format-standard","has-post-thumbnail","hentry","category-cdmx"],"_links":{"self":[{"href":"https:\/\/elinformante.mx\/index.php?rest_route=\/wp\/v2\/posts\/29026","targetHints":{"allow":["GET"]}}],"collection":[{"href":"https:\/\/elinformante.mx\/index.php?rest_route=\/wp\/v2\/posts"}],"about":[{"href":"https:\/\/elinformante.mx\/index.php?rest_route=\/wp\/v2\/types\/post"}],"author":[{"embeddable":true,"href":"https:\/\/elinformante.mx\/index.php?rest_route=\/wp\/v2\/users\/1"}],"replies":[{"embeddable":true,"href":"https:\/\/elinformante.mx\/index.php?rest_route=%2Fwp%2Fv2%2Fcomments&post=29026"}],"version-history":[{"count":0,"href":"https:\/\/elinformante.mx\/index.php?rest_route=\/wp\/v2\/posts\/29026\/revisions"}],"wp:featuredmedia":[{"embeddable":true,"href":"https:\/\/elinformante.mx\/index.php?rest_route=\/wp\/v2\/media\/29027"}],"wp:attachment":[{"href":"https:\/\/elinformante.mx\/index.php?rest_route=%2Fwp%2Fv2%2Fmedia&parent=29026"}],"wp:term":[{"taxonomy":"category","embeddable":true,"href":"https:\/\/elinformante.mx\/index.php?rest_route=%2Fwp%2Fv2%2Fcategories&post=29026"},{"taxonomy":"post_tag","embeddable":true,"href":"https:\/\/elinformante.mx\/index.php?rest_route=%2Fwp%2Fv2%2Ftags&post=29026"}],"curies":[{"name":"wp","href":"https:\/\/api.w.org\/{rel}","templated":true}]}}