{"id":29029,"date":"2023-06-15T14:52:25","date_gmt":"2023-06-15T14:52:25","guid":{"rendered":"https:\/\/elinformante.mx\/?p=29029"},"modified":"2023-06-15T14:52:26","modified_gmt":"2023-06-15T14:52:26","slug":"la-cdmx-es-modelo-en-materia-de-seguridad-claudia-sheinbaum","status":"publish","type":"post","link":"https:\/\/elinformante.mx\/?p=29029","title":{"rendered":"La CDMX es modelo en materia de seguridad: Claudia Sheinbaum"},"content":{"rendered":"\n<blockquote class=\"wp-block-quote is-layout-flow wp-block-quote-is-layout-flow\">\n<p>Anuncia disminuci\u00f3n de cr\u00edmenes en 58%; hizo un recuento de los avances que se han dado en la capital, en relaci\u00f3n con la anterior administraci\u00f3n.<\/p>\n<\/blockquote>\n\n\n\n<p>Durante el Informe de seguridad 2019-2023 de la Ciudad de M\u00e9xico, Claudia Sheinbaum habl\u00f3 sobre la disminuci\u00f3n de los delitos de alto impacto en la capital de la Rep\u00fablica, comparando los periodos enero-mayo del 2019 y enero-mayo del 2023. La mandataria local explic\u00f3 que en general, la ciudad tuvo una reducci\u00f3n del 58 por ciento en la comisi\u00f3n de delitos de alto impacto en general.<br><\/p>\n\n\n\n<p>En un desglose de cada caso, Sheinbaum Pardo inform\u00f3 que, considerando los mismos periodos (enero-mayo del 2018 y enero-mayo del 2023):<br><\/p>\n\n\n\n<figure class=\"wp-block-image size-large\"><img fetchpriority=\"high\" decoding=\"async\" width=\"1024\" height=\"503\" src=\"https:\/\/elinformante.mx\/wp-content\/uploads\/2023\/06\/LA-CDMX-2-1024x503.jpg\" alt=\"\" class=\"wp-image-29031\" srcset=\"https:\/\/elinformante.mx\/wp-content\/uploads\/2023\/06\/LA-CDMX-2-1024x503.jpg 1024w, https:\/\/elinformante.mx\/wp-content\/uploads\/2023\/06\/LA-CDMX-2-300x147.jpg 300w, https:\/\/elinformante.mx\/wp-content\/uploads\/2023\/06\/LA-CDMX-2-768x377.jpg 768w, https:\/\/elinformante.mx\/wp-content\/uploads\/2023\/06\/LA-CDMX-2-580x285.jpg 580w, https:\/\/elinformante.mx\/wp-content\/uploads\/2023\/06\/LA-CDMX-2-860x422.jpg 860w, https:\/\/elinformante.mx\/wp-content\/uploads\/2023\/06\/LA-CDMX-2.jpg 1140w\" sizes=\"(max-width: 1024px) 100vw, 1024px\" \/><\/figure>\n\n\n\n<ul class=\"wp-block-list\">\n<li>1.- En homicidios dolosos hubo una reducci\u00f3n del 51 por ciento. La tasa de homicidios baj\u00f3 de 15.9 a 9.0 por cada 100 mil habitantes y la capital pas\u00f3 de ser la n\u00famero nueve a la 17 a nivel nacional.<\/li>\n\n\n\n<li>2.- En robo de veh\u00edculos sin violencia hubo una reducci\u00f3n del 54 por ciento.<\/li>\n\n\n\n<li>3.- En robo de veh\u00edculos con violencia se dio una disminuci\u00f3n del 69 por ciento.<\/li>\n\n\n\n<li>4.- En robo a negocios con violencia, se dio una reducci\u00f3n del 71 por ciento.<\/li>\n\n\n\n<li>5.- En lesiones dolosas por disparo de arma de fuego, se registr\u00f3 una baja del 68 por ciento.<\/li>\n\n\n\n<li>6.- En robo a pasajeros a bordo de taxi, hubo una reducci\u00f3n del 70 por ciento.<\/li>\n\n\n\n<li>7.- En robo a pasajeros a bordo del Metro, un decremento del 66 por ciento.<\/li>\n\n\n\n<li>8.- En robo a cuentahabientes, una disminuci\u00f3n del 69 por ciento.<\/li>\n\n\n\n<li>9.- En robo a casa habitaci\u00f3n con violencia, una reducci\u00f3n del 67 por ciento.<\/li>\n\n\n\n<li>10.- En robo a transe\u00fante en v\u00eda p\u00fablica, una baja del 48 por ciento.<\/li>\n<\/ul>\n\n\n\n<figure class=\"wp-block-image size-large\"><img decoding=\"async\" width=\"1024\" height=\"503\" src=\"https:\/\/elinformante.mx\/wp-content\/uploads\/2023\/06\/LA-CDMX-3-1024x503.jpg\" alt=\"\" class=\"wp-image-29032\" srcset=\"https:\/\/elinformante.mx\/wp-content\/uploads\/2023\/06\/LA-CDMX-3-1024x503.jpg 1024w, https:\/\/elinformante.mx\/wp-content\/uploads\/2023\/06\/LA-CDMX-3-300x147.jpg 300w, https:\/\/elinformante.mx\/wp-content\/uploads\/2023\/06\/LA-CDMX-3-768x377.jpg 768w, https:\/\/elinformante.mx\/wp-content\/uploads\/2023\/06\/LA-CDMX-3-580x285.jpg 580w, https:\/\/elinformante.mx\/wp-content\/uploads\/2023\/06\/LA-CDMX-3-860x422.jpg 860w, https:\/\/elinformante.mx\/wp-content\/uploads\/2023\/06\/LA-CDMX-3.jpg 1140w\" sizes=\"(max-width: 1024px) 100vw, 1024px\" \/><\/figure>\n\n\n\n<p>Claudia Sheinbaum explic\u00f3 que la reducci\u00f3n de la incidencia delictiva se ha reflejado en que, en la capital existe una mayor percepci\u00f3n de seguridad, en relaci\u00f3n con la d\u00e9cada pasada. \u201cEn los a\u00f1os anteriores, pasamos de ser el n\u00famero 23 a nivel nacional, a ser la entidad n\u00famero 13 en niveles de percepci\u00f3n de seguridad\u201d, abund\u00f3.<br><\/p>\n\n\n\n<p>\u201cPasamos de tener un 74 por ciento al 44 por ciento de la poblaci\u00f3n, que defin\u00eda a la inseguridad como el mayor problema de la Ciudad de M\u00e9xico\u201d<br><\/p>\n\n\n\n<p>La jefa de gobierno de la Ciudad de M\u00e9xico explic\u00f3 que su administraci\u00f3n ha tenido una estrategia de seguridad que se fundamenta en cuatro ejes:<br><\/p>\n\n\n\n<ul class=\"wp-block-list\">\n<li>1.- Atenci\u00f3n a las causas<\/li>\n\n\n\n<li>2.- M\u00e1s y mejor polic\u00eda<\/li>\n\n\n\n<li>3.- Investigaci\u00f3n<\/li>\n\n\n\n<li>4.- Coordinaci\u00f3n con otras dependencias<\/li>\n<\/ul>\n\n\n\n<p>El informe de seguridad cont\u00f3 con la presencia de Rafael Guerra \u00c1lvarez, presidente del Tribunal Superior de Justicia de la Ciudad de M\u00e9xico; Ernestina Godoy, titular de la Fiscal\u00eda General de Justicia de la Ciudad de M\u00e9xico y Omar Garc\u00eda Harfuch, secretario de Seguridad Ciudadana de la capital.<\/p>\n","protected":false},"excerpt":{"rendered":"<p>Anuncia disminuci\u00f3n de cr\u00edmenes en 58%; hizo un recuento de los avances que se han dado en la capital, en relaci\u00f3n con la anterior administraci\u00f3n. Durante el Informe de seguridad 2019-2023 de la Ciudad de M\u00e9xico, Claudia Sheinbaum habl\u00f3 sobre la disminuci\u00f3n de los delitos de alto impacto en la capital de la Rep\u00fablica, comparando [&hellip;]<\/p>\n","protected":false},"author":1,"featured_media":29030,"comment_status":"closed","ping_status":"closed","sticky":false,"template":"","format":"standard","meta":{"footnotes":""},"categories":[35,30],"tags":[],"class_list":["post-29029","post","type-post","status-publish","format-standard","has-post-thumbnail","hentry","category-cdmx","category-destacado"],"_links":{"self":[{"href":"https:\/\/elinformante.mx\/index.php?rest_route=\/wp\/v2\/posts\/29029","targetHints":{"allow":["GET"]}}],"collection":[{"href":"https:\/\/elinformante.mx\/index.php?rest_route=\/wp\/v2\/posts"}],"about":[{"href":"https:\/\/elinformante.mx\/index.php?rest_route=\/wp\/v2\/types\/post"}],"author":[{"embeddable":true,"href":"https:\/\/elinformante.mx\/index.php?rest_route=\/wp\/v2\/users\/1"}],"replies":[{"embeddable":true,"href":"https:\/\/elinformante.mx\/index.php?rest_route=%2Fwp%2Fv2%2Fcomments&post=29029"}],"version-history":[{"count":0,"href":"https:\/\/elinformante.mx\/index.php?rest_route=\/wp\/v2\/posts\/29029\/revisions"}],"wp:featuredmedia":[{"embeddable":true,"href":"https:\/\/elinformante.mx\/index.php?rest_route=\/wp\/v2\/media\/29030"}],"wp:attachment":[{"href":"https:\/\/elinformante.mx\/index.php?rest_route=%2Fwp%2Fv2%2Fmedia&parent=29029"}],"wp:term":[{"taxonomy":"category","embeddable":true,"href":"https:\/\/elinformante.mx\/index.php?rest_route=%2Fwp%2Fv2%2Fcategories&post=29029"},{"taxonomy":"post_tag","embeddable":true,"href":"https:\/\/elinformante.mx\/index.php?rest_route=%2Fwp%2Fv2%2Ftags&post=29029"}],"curies":[{"name":"wp","href":"https:\/\/api.w.org\/{rel}","templated":true}]}}