{"id":29034,"date":"2023-06-15T14:53:57","date_gmt":"2023-06-15T14:53:57","guid":{"rendered":"https:\/\/elinformante.mx\/?p=29034"},"modified":"2023-06-15T14:53:58","modified_gmt":"2023-06-15T14:53:58","slug":"preocupa-a-gobierno-federal-violencia-en-tijuana","status":"publish","type":"post","link":"https:\/\/elinformante.mx\/?p=29034","title":{"rendered":"Preocupa a gobierno federal violencia en Tijuana"},"content":{"rendered":"\n<blockquote class=\"wp-block-quote is-layout-flow wp-block-quote-is-layout-flow\">\n<p>\u201cTenemos un problema en Tijuana, un problema que tenemos que reconocer que es complicado, hab\u00eda estado avanz\u00e1ndose en el asunto y hoy hay un incremento (de homicidios)\u201d, agreg\u00f3 el funcionario Jes\u00fas Alejandro Ruiz Uribe.<\/p>\n<\/blockquote>\n\n\n\n<p>La situaci\u00f3n de violencia e inseguridad que se registra en Tijuana preocupa al gobierno federal, que busca que se implementen medidas para atender el clima actual que se vive en esta frontera.<br><\/p>\n\n\n\n<p>Lo anterior lo plante\u00f3 el delegado \u00fanico, Jes\u00fas Alejandro Ruiz Uribe, quien precis\u00f3 que en Tijuana hay un alza de 11% en el n\u00famero de homicidios, en comparaci\u00f3n con la baja de 30% que se reporta en conjunto en los otros seis municipios.<br><\/p>\n\n\n\n<p>Adelant\u00f3 que continuar\u00e1n los esfuerzos de las corporaciones federales en la regi\u00f3n, con el fin de concentrarse en los puntos cr\u00edticos para disminuir la incidencia.<br><\/p>\n\n\n\n<p>\u201cConcentrar esfuerzos en Tijuana, ya se logr\u00f3 domar el potro en el resto de los municipios, no quiere decir que no haya eventos como San Vicente y otras cuestiones, pero se debe medir estad\u00edsticamente y de forma certera. En el resto del estado est\u00e1 controlada y hay disminuci\u00f3n, hay que enfocarse en los resultados de Tijuana. El estado ha avanzado porque la mezcla hace que avance, discretamente, porque la mezcla con Tijuana que es la mitad de la poblaci\u00f3n hace que el avance sea discreto\u201d, coment\u00f3 Jes\u00fas Alejandro Ruiz Uribe.<br><\/p>\n\n\n\n<p>Por \u00faltimo, dej\u00f3 entrever que uno de los responsables de la violencia en Tijuana ser\u00eda la Polic\u00eda Municipal, aunque no dio m\u00e1s argumentos que justificaran sus dichos.<br><\/p>\n\n\n\n<p>\u201cSon las mismas autoridades que operan en todo el estado, las mismas, Guardia Nacional, Fiscal\u00eda, Guardia Estatal, Sedena, Marina, excepto las polic\u00edas municipales, es diferente en cada ciudad, ah\u00ed se los dejo de tarea\u201d, concluy\u00f3 Ruiz Uribe.<\/p>\n","protected":false},"excerpt":{"rendered":"<p>\u201cTenemos un problema en Tijuana, un problema que tenemos que reconocer que es complicado, hab\u00eda estado avanz\u00e1ndose en el asunto y hoy hay un incremento (de homicidios)\u201d, agreg\u00f3 el funcionario Jes\u00fas Alejandro Ruiz Uribe. La situaci\u00f3n de violencia e inseguridad que se registra en Tijuana preocupa al gobierno federal, que busca que se implementen medidas [&hellip;]<\/p>\n","protected":false},"author":1,"featured_media":29035,"comment_status":"closed","ping_status":"closed","sticky":false,"template":"","format":"standard","meta":{"footnotes":""},"categories":[30,34],"tags":[],"class_list":["post-29034","post","type-post","status-publish","format-standard","has-post-thumbnail","hentry","category-destacado","category-nacional"],"_links":{"self":[{"href":"https:\/\/elinformante.mx\/index.php?rest_route=\/wp\/v2\/posts\/29034","targetHints":{"allow":["GET"]}}],"collection":[{"href":"https:\/\/elinformante.mx\/index.php?rest_route=\/wp\/v2\/posts"}],"about":[{"href":"https:\/\/elinformante.mx\/index.php?rest_route=\/wp\/v2\/types\/post"}],"author":[{"embeddable":true,"href":"https:\/\/elinformante.mx\/index.php?rest_route=\/wp\/v2\/users\/1"}],"replies":[{"embeddable":true,"href":"https:\/\/elinformante.mx\/index.php?rest_route=%2Fwp%2Fv2%2Fcomments&post=29034"}],"version-history":[{"count":0,"href":"https:\/\/elinformante.mx\/index.php?rest_route=\/wp\/v2\/posts\/29034\/revisions"}],"wp:featuredmedia":[{"embeddable":true,"href":"https:\/\/elinformante.mx\/index.php?rest_route=\/wp\/v2\/media\/29035"}],"wp:attachment":[{"href":"https:\/\/elinformante.mx\/index.php?rest_route=%2Fwp%2Fv2%2Fmedia&parent=29034"}],"wp:term":[{"taxonomy":"category","embeddable":true,"href":"https:\/\/elinformante.mx\/index.php?rest_route=%2Fwp%2Fv2%2Fcategories&post=29034"},{"taxonomy":"post_tag","embeddable":true,"href":"https:\/\/elinformante.mx\/index.php?rest_route=%2Fwp%2Fv2%2Ftags&post=29034"}],"curies":[{"name":"wp","href":"https:\/\/api.w.org\/{rel}","templated":true}]}}