{"id":29040,"date":"2023-06-15T15:02:29","date_gmt":"2023-06-15T15:02:29","guid":{"rendered":"https:\/\/elinformante.mx\/?p=29040"},"modified":"2023-06-15T15:02:30","modified_gmt":"2023-06-15T15:02:30","slug":"instalan-estaciones-de-enfriamiento-en-monterrey","status":"publish","type":"post","link":"https:\/\/elinformante.mx\/?p=29040","title":{"rendered":"Instalan \u201cestaciones de enfriamiento\u201d en Monterrey"},"content":{"rendered":"\n<blockquote class=\"wp-block-quote is-layout-flow wp-block-quote-is-layout-flow\">\n<p>Protecci\u00f3n Civil de Monterrey calcula que, en la cuarta semana de junio, el term\u00f3metro marcar\u00e1 hasta 47 grados en la regi\u00f3n.<\/p>\n<\/blockquote>\n\n\n\n<p>Ante la ola de calor que azota a M\u00e9xico, con temperaturas por encima de los 40 grados, la norte\u00f1a ciudad de Monterrey instal\u00f3 este mi\u00e9rcoles \u201cestaciones de enfriamiento\u201d para que las personas se hidraten y prevengan un golpe de calor.<br><\/p>\n\n\n\n<p>Protecci\u00f3n Civil del Ayuntamiento coloc\u00f3 un punto en el cruce de las calles Ju\u00e1rez y Morelos, en pleno centro de la capital del estado de Nuevo Le\u00f3n, donde se colocaron sillas, ventiladores y se reparten botellas de agua.<br><\/p>\n\n\n\n<p>Fernando Fern\u00e1ndez, director de Protecci\u00f3n Civil, explic\u00f3 a medios que la idea es que las personas tengan un punto donde refrescarse y \u201ctomar un respiro\u201d ante el calor, que alcanz\u00f3 este mi\u00e9rcoles los 41 grados en Monterrey, la segunda ciudad m\u00e1s poblada del pa\u00eds.<br><\/p>\n\n\n\n<p>El espacio est\u00e1 \u201cacompa\u00f1ado de ventiladores, que la idea es que quien se sienta agobiado, aqu\u00ed hay unas \u00e1reas en donde la gente puede permanecer unos minutos, refrescarse, regular su temperatura corporal\u201d, coment\u00f3.<br><\/p>\n\n\n\n<p>Estas estaciones se instalan en medio de la ola de calor, que se define como un periodo de al menos tres d\u00edas consecutivos por encima del promedio, que ha colocado a M\u00e9xico como una de las regiones m\u00e1s calientes del hemisferio occidental, con 22 de las 32 entidades del pa\u00eds con temperaturas superiores a los 40 grados.<br><\/p>\n\n\n\n<p>El Gobierno de Monterrey instal\u00f3 estos centros en puntos que tienen mayor afluencia de personas. Ah\u00ed esperan repartir unos 5.000 litros de agua diarios, incluido el fin de semana.<br><\/p>\n\n\n\n<p>Protecci\u00f3n Civil de Nuevo Le\u00f3n report\u00f3 en la mayor parte de su territorio temperaturas por encima de los 40 grados cent\u00edgrados, con hasta 45 grados en el municipio de Garc\u00eda.<\/p>\n","protected":false},"excerpt":{"rendered":"<p>Protecci\u00f3n Civil de Monterrey calcula que, en la cuarta semana de junio, el term\u00f3metro marcar\u00e1 hasta 47 grados en la regi\u00f3n. Ante la ola de calor que azota a M\u00e9xico, con temperaturas por encima de los 40 grados, la norte\u00f1a ciudad de Monterrey instal\u00f3 este mi\u00e9rcoles \u201cestaciones de enfriamiento\u201d para que las personas se hidraten [&hellip;]<\/p>\n","protected":false},"author":1,"featured_media":29041,"comment_status":"closed","ping_status":"closed","sticky":false,"template":"","format":"standard","meta":{"footnotes":""},"categories":[30,34],"tags":[],"class_list":["post-29040","post","type-post","status-publish","format-standard","has-post-thumbnail","hentry","category-destacado","category-nacional"],"_links":{"self":[{"href":"https:\/\/elinformante.mx\/index.php?rest_route=\/wp\/v2\/posts\/29040","targetHints":{"allow":["GET"]}}],"collection":[{"href":"https:\/\/elinformante.mx\/index.php?rest_route=\/wp\/v2\/posts"}],"about":[{"href":"https:\/\/elinformante.mx\/index.php?rest_route=\/wp\/v2\/types\/post"}],"author":[{"embeddable":true,"href":"https:\/\/elinformante.mx\/index.php?rest_route=\/wp\/v2\/users\/1"}],"replies":[{"embeddable":true,"href":"https:\/\/elinformante.mx\/index.php?rest_route=%2Fwp%2Fv2%2Fcomments&post=29040"}],"version-history":[{"count":0,"href":"https:\/\/elinformante.mx\/index.php?rest_route=\/wp\/v2\/posts\/29040\/revisions"}],"wp:featuredmedia":[{"embeddable":true,"href":"https:\/\/elinformante.mx\/index.php?rest_route=\/wp\/v2\/media\/29041"}],"wp:attachment":[{"href":"https:\/\/elinformante.mx\/index.php?rest_route=%2Fwp%2Fv2%2Fmedia&parent=29040"}],"wp:term":[{"taxonomy":"category","embeddable":true,"href":"https:\/\/elinformante.mx\/index.php?rest_route=%2Fwp%2Fv2%2Fcategories&post=29040"},{"taxonomy":"post_tag","embeddable":true,"href":"https:\/\/elinformante.mx\/index.php?rest_route=%2Fwp%2Fv2%2Ftags&post=29040"}],"curies":[{"name":"wp","href":"https:\/\/api.w.org\/{rel}","templated":true}]}}