{"id":29043,"date":"2023-06-15T15:04:14","date_gmt":"2023-06-15T15:04:14","guid":{"rendered":"https:\/\/elinformante.mx\/?p=29043"},"modified":"2023-06-15T15:04:15","modified_gmt":"2023-06-15T15:04:15","slug":"ebrard-se-registra-como-aspirante-a-la-candidatura-presidencial-de-morena","status":"publish","type":"post","link":"https:\/\/elinformante.mx\/?p=29043","title":{"rendered":"Ebrard se registra como aspirante a la candidatura presidencial de Morena"},"content":{"rendered":"\n<blockquote class=\"wp-block-quote is-layout-flow wp-block-quote-is-layout-flow\">\n<p>Marcelo Ebrard presumi\u00f3 que va en primer lugar de las encuestas y dijo que su campa\u00f1a \u201cser\u00e1 la m\u00e1s austera de todas\u201d.<\/p>\n<\/blockquote>\n\n\n\n<p>El excanciller Marcelo Ebrard se registr\u00f3 hoy 14 de junio de 2023 como aspirante a la candidatura presidencial de Morena en 2024, con lo que se convirti\u00f3 en la primera corcholata en realizar el proceso.<br><\/p>\n\n\n\n<p>Acompa\u00f1ado por su esposa Rosalinda Bueso, Ebrard acudi\u00f3 a la sede del partido para entregar a la Comisi\u00f3n de Elecciones los documentos e inscribirse en el proceso interno del partido que definir\u00e1 al candidato presidencial mediante encuesta, as\u00ed como su propuesta de dos encuestadoras en un sobre sellado como lo estipul\u00f3 el Consejo Nacional de Morena en las reglas para los aspirantes.<br><\/p>\n\n\n\n<p>\u201cSoy el primero que me registro, soy el primero que se separ\u00f3 del cargo y soy el primero en las encuestas, tres primeros lugares llevamos\u201d, dijo Ebrard tras entregar la documentaci\u00f3n al presidente nacional de Morena, Mario Delgado.<br><\/p>\n\n\n\n<p>Ebrard se comprometi\u00f3 a promover los avances y legado de la cuarta transportaci\u00f3n, as\u00ed como evitar descalificaciones o confrontaciones con los otros aspirantes a la candidatura presidencial, as\u00ed como a respetar el resultado final del proceso y apoyar a quien gane la encuesta.<br><\/p>\n\n\n\n<p>\u201cVamos a un proceso in\u00e9dito de consulta a la poblaci\u00f3n. Hemos acordado evitar las campa\u00f1as sucias, la divisi\u00f3n, los argumentos que puedan herir o descalificar a otras personas, lo que buscamos es una contienda democr\u00e1tica, abierta, que deje un precedente para el futuro, que fortalezca nuestro movimiento, que cuando concluya esta contienda tengamos el argumento \u00e9tico de que fue cumplido lo que aqu\u00ed se dijo y de que lo que defendemos, lo cumplimos\u201d, expres\u00f3.<br><\/p>\n\n\n\n<p>El exfuncionario federal asegur\u00f3 que su campa\u00f1a \u201cser\u00e1 la m\u00e1s austera de todas\u201d y dijo que su propuesta se basar\u00e1 en escuchar al pueblo de M\u00e9xico en el recorrido que emprender\u00e1 a partir de la pr\u00f3xima semana por diversos lugares del pa\u00eds para conocer lo que la gente considera debe ser la siguiente etapa de la cuarta transformaci\u00f3n.<br><\/p>\n\n\n\n<p>\u201cLa propuesta que vamos a llevar a nuestro recorrido ser\u00e1 de contacto con las personas, dialogar y escuchar al pueblo de M\u00e9xico con humildad, lo que el pueblo considera debe ser la siguiente etapa de la cuarta transformaci\u00f3n. Lo que va a permanecer y lo que tengamos que agregar en los pr\u00f3ximos a\u00f1os\u201d, mencion\u00f3.<br><\/p>\n\n\n\n<p>El presidente de Morena, Mario Delgado, revel\u00f3 que el partido no financiar\u00e1 las actividades que los aspirantes presidenciales realizar\u00e1n por el pa\u00eds en las llamadas asambleas informativas, ya que en las reglas del Consejo Nacional se determin\u00f3 que fueran recorridos austeros, por lo que las corcholatas tendr\u00e1n que usar sus propios recursos.<br><\/p>\n\n\n\n<p>El l\u00edder morenista, Mario Delgado, asegur\u00f3 que el proceso interno que est\u00e1n llevando a cabo est\u00e1 dentro del marco de la ley, ya que no se est\u00e1 eligiendo al candidato presidencial, sino al responsable de coordinar los trabaos de la defensa para la cuarta transformaci\u00f3n, por lo que anticip\u00f3 que habr\u00e1 impugnaciones de partidos pol\u00edticos, pero reiter\u00f3 que act\u00faan conforme a lo que marca la Constituci\u00f3n.<br><\/p>\n\n\n\n<p>\u201cHoy arrancamos este proceso de registros, nos da gusto que est\u00e9 atendiendo el mandato del Consejo Nacional. Es un proceso interno que le corresponde a nuestro partido y est\u00e1 circunscripto en las actividades que constitucionalmente los partidos pueden realizar, estamos dentro del marco que nos permite la ley, no se est\u00e1n definiendo candidatura, sino el responsable de coordinar los trabajos para la defensa de la cuarta transformaci\u00f3n\u201d, puntualiz\u00f3.<\/p>\n","protected":false},"excerpt":{"rendered":"<p>Marcelo Ebrard presumi\u00f3 que va en primer lugar de las encuestas y dijo que su campa\u00f1a \u201cser\u00e1 la m\u00e1s austera de todas\u201d. El excanciller Marcelo Ebrard se registr\u00f3 hoy 14 de junio de 2023 como aspirante a la candidatura presidencial de Morena en 2024, con lo que se convirti\u00f3 en la primera corcholata en realizar [&hellip;]<\/p>\n","protected":false},"author":1,"featured_media":29044,"comment_status":"closed","ping_status":"closed","sticky":false,"template":"","format":"standard","meta":{"footnotes":""},"categories":[34],"tags":[],"class_list":["post-29043","post","type-post","status-publish","format-standard","has-post-thumbnail","hentry","category-nacional"],"_links":{"self":[{"href":"https:\/\/elinformante.mx\/index.php?rest_route=\/wp\/v2\/posts\/29043","targetHints":{"allow":["GET"]}}],"collection":[{"href":"https:\/\/elinformante.mx\/index.php?rest_route=\/wp\/v2\/posts"}],"about":[{"href":"https:\/\/elinformante.mx\/index.php?rest_route=\/wp\/v2\/types\/post"}],"author":[{"embeddable":true,"href":"https:\/\/elinformante.mx\/index.php?rest_route=\/wp\/v2\/users\/1"}],"replies":[{"embeddable":true,"href":"https:\/\/elinformante.mx\/index.php?rest_route=%2Fwp%2Fv2%2Fcomments&post=29043"}],"version-history":[{"count":0,"href":"https:\/\/elinformante.mx\/index.php?rest_route=\/wp\/v2\/posts\/29043\/revisions"}],"wp:featuredmedia":[{"embeddable":true,"href":"https:\/\/elinformante.mx\/index.php?rest_route=\/wp\/v2\/media\/29044"}],"wp:attachment":[{"href":"https:\/\/elinformante.mx\/index.php?rest_route=%2Fwp%2Fv2%2Fmedia&parent=29043"}],"wp:term":[{"taxonomy":"category","embeddable":true,"href":"https:\/\/elinformante.mx\/index.php?rest_route=%2Fwp%2Fv2%2Fcategories&post=29043"},{"taxonomy":"post_tag","embeddable":true,"href":"https:\/\/elinformante.mx\/index.php?rest_route=%2Fwp%2Fv2%2Ftags&post=29043"}],"curies":[{"name":"wp","href":"https:\/\/api.w.org\/{rel}","templated":true}]}}