{"id":29046,"date":"2023-06-15T15:04:57","date_gmt":"2023-06-15T15:04:57","guid":{"rendered":"https:\/\/elinformante.mx\/?p=29046"},"modified":"2023-06-15T15:04:57","modified_gmt":"2023-06-15T15:04:57","slug":"revela-amlo-que-presiono-a-ministros-por-guardia-nacional","status":"publish","type":"post","link":"https:\/\/elinformante.mx\/?p=29046","title":{"rendered":"Revela AMLO que presion\u00f3 a Ministros por Guardia Nacional"},"content":{"rendered":"\n<blockquote class=\"wp-block-quote is-layout-flow wp-block-quote-is-layout-flow\">\n<p>AMLO revel\u00f3 que presion\u00f3 a ministros para que votaran en contra de sentencia que anul\u00f3 la transferencia de la GN a Sedena en abril pasado.<\/p>\n<\/blockquote>\n\n\n\n<p>El presidente Andr\u00e9s Manuel L\u00f3pez Obrador revel\u00f3 que presion\u00f3 a ministros para que votaran en contra de la sentencia que buscaba anular la transferencia de la Guardia Nacional a la Sedena.<br><\/p>\n\n\n\n<p>\u201cMi preocupaci\u00f3n es que termino, me voy a ir, pero no quiero que la Guardia Nacional quede en la Secretar\u00eda de Seguridad P\u00fablica, ni en Gobernaci\u00f3n como estaba; imag\u00ednense a los tres a\u00f1os, seis a\u00f1os, se echa a perder (la GN). Entonces, no vaya a llegar un joven ambicioso sin principios como Garc\u00eda Luna y empieza a escalar -sin idea tampoco de lo que es la seguridad- todo manejado con las c\u00e1maras\u201d.<br><\/p>\n\n\n\n<p>\u201cEntonces, para que no cayera en manos de una gente as\u00ed y se echara a perder, porque es la seguridad del pueblo, la seguridad de los mexicanos, es la paz, la tranquilidad, entonces meten el recurso (en la Corte) para declarar inconstitucional (el traspaso de la GN a la Sedena) y yo dije \u2018ahora s\u00ed me voy a meter porque esto es important\u00edsimo\u2019.<br><\/p>\n\n\n\n<p>\u201cY hablo con cinco (ministros), con los cuatro que de alguna manera yo propuse, y con el que ya estaba (Zald\u00edvar) para garantizar los cuatro votos, uno por uno. No sabes lo que me cost\u00f3, porque ya ven\u00edan actuando mal, ya hab\u00edan demostrado ser chuecos, pero esto (de la GN) vale que hable yo con ellos para explicarles la importancia que tiene. Y habl\u00e9 con los cinco, pues con dos no pude\u201d, confes\u00f3 L\u00f3pez Obrador.<br><\/p>\n\n\n\n<p>En abril pasado, el Pleno de la Corte invalid\u00f3 la reforma de septiembre de 2022 a leyes secundarias por la cual el Gobierno pretendi\u00f3 transferir el control de la GN a la Sedena, por violar el art\u00edculo 21 de la Constituci\u00f3n, que establece que la corporaci\u00f3n es de car\u00e1cter civil y debe estar adscrita a la Secretar\u00eda de Seguridad P\u00fablica y Ciudadana (SSPC).<br><\/p>\n\n\n\n<p>La Suprema Corte de Justicia determin\u00f3 que la sentencia que anula la transferencia de la Guardia Nacional (GN) a la Secretar\u00eda de la Defensa Nacional (Sedena) surtir\u00e1 efectos a partir del 1 de enero de 2024.<br><\/p>\n\n\n\n<p>Lo anterior, explic\u00f3 el ministro Juan Luis Gonz\u00e1lez Alc\u00e1ntara, para que las dependencias involucradas puedan realizar todos los ajustes administrativos, operativos y presupuestales necesarios.<br><\/p>\n\n\n\n<p>En conferencia en Palacio Nacional, el Mandatario federal lament\u00f3 la decisi\u00f3n de la Corte, pues de los ministros con los que habl\u00f3 s\u00f3lo tres votaron en contra de la sentencia.<br><\/p>\n\n\n\n<p>\u201cEran cuatro los que se necesitaban, nos quedamos con tres y se pierde el prop\u00f3sito de que la Guardia Nacional dependiera de la Sedena\u201d, coment\u00f3.<br><\/p>\n\n\n\n<p>El titular del Ejecutivo cont\u00f3 tambi\u00e9n que la ministra presidenta Norma Pi\u00f1a tent\u00f3 a Rosa Icela Rodr\u00edguez, titular de Seguridad P\u00fablica y Protecci\u00f3n Ciudadana, al decirle que le conven\u00eda a ella quedarse con el control de la Guardia Nacional.<br><\/p>\n\n\n\n<p>\u201cTodav\u00eda la presidenta, la se\u00f1ora Pi\u00f1a, le dijo a Rosa Icela: \u2018oye, c\u00f3mo vas a estar t\u00fa en contra, si a ti te va a tocar manejar la Guardia Nacional, si t\u00fa sales ganando\u2019. F\u00edjense.<br><\/p>\n\n\n\n<p>\u201cRosa Icela le contest\u00f3: \u2018no, es que no es un asunto m\u00edo, es un asunto que tiene que ver con el buen funcionamiento de la seguridad\u2019. Pero la se\u00f1ora (Pi\u00f1a) tent\u00e1ndola: \u2018\u00bfpor qu\u00e9 est\u00e1s t\u00fa preocupada, si t\u00fa vas a manejar la Guardia Nacional?\u2019<br><\/p>\n\n\n\n<p>\u201cY luego (Rosa Icela dijo): \u2018no, vamos a buscar la forma para que el cambio se d\u00e9 dentro de un a\u00f1o o dos a\u00f1os, hasta que termine el Gobierno\u2019\u201d, narr\u00f3.<br><\/p>\n\n\n\n<p>L\u00f3pez Obrador a\u00f1adi\u00f3 que su Gobierno nunca har\u00e1 ese tipo de acuerdos, pues lo m\u00e1s importante son los principios y la lealtad al pueblo.<br><\/p>\n\n\n\n<p>\u201cNo, no, no queremos componendas, no queremos ese tipo de acuerdos. Entonces, por qu\u00e9 pregunto esto, porque lo m\u00e1s importante son los principios, son los ideales, la lealtad al pueblo\u201d, agreg\u00f3.<\/p>\n","protected":false},"excerpt":{"rendered":"<p>AMLO revel\u00f3 que presion\u00f3 a ministros para que votaran en contra de sentencia que anul\u00f3 la transferencia de la GN a Sedena en abril pasado. El presidente Andr\u00e9s Manuel L\u00f3pez Obrador revel\u00f3 que presion\u00f3 a ministros para que votaran en contra de la sentencia que buscaba anular la transferencia de la Guardia Nacional a la [&hellip;]<\/p>\n","protected":false},"author":1,"featured_media":29047,"comment_status":"closed","ping_status":"closed","sticky":false,"template":"","format":"standard","meta":{"footnotes":""},"categories":[34],"tags":[],"class_list":["post-29046","post","type-post","status-publish","format-standard","has-post-thumbnail","hentry","category-nacional"],"_links":{"self":[{"href":"https:\/\/elinformante.mx\/index.php?rest_route=\/wp\/v2\/posts\/29046","targetHints":{"allow":["GET"]}}],"collection":[{"href":"https:\/\/elinformante.mx\/index.php?rest_route=\/wp\/v2\/posts"}],"about":[{"href":"https:\/\/elinformante.mx\/index.php?rest_route=\/wp\/v2\/types\/post"}],"author":[{"embeddable":true,"href":"https:\/\/elinformante.mx\/index.php?rest_route=\/wp\/v2\/users\/1"}],"replies":[{"embeddable":true,"href":"https:\/\/elinformante.mx\/index.php?rest_route=%2Fwp%2Fv2%2Fcomments&post=29046"}],"version-history":[{"count":0,"href":"https:\/\/elinformante.mx\/index.php?rest_route=\/wp\/v2\/posts\/29046\/revisions"}],"wp:featuredmedia":[{"embeddable":true,"href":"https:\/\/elinformante.mx\/index.php?rest_route=\/wp\/v2\/media\/29047"}],"wp:attachment":[{"href":"https:\/\/elinformante.mx\/index.php?rest_route=%2Fwp%2Fv2%2Fmedia&parent=29046"}],"wp:term":[{"taxonomy":"category","embeddable":true,"href":"https:\/\/elinformante.mx\/index.php?rest_route=%2Fwp%2Fv2%2Fcategories&post=29046"},{"taxonomy":"post_tag","embeddable":true,"href":"https:\/\/elinformante.mx\/index.php?rest_route=%2Fwp%2Fv2%2Ftags&post=29046"}],"curies":[{"name":"wp","href":"https:\/\/api.w.org\/{rel}","templated":true}]}}