{"id":29424,"date":"2023-06-21T14:39:35","date_gmt":"2023-06-21T14:39:35","guid":{"rendered":"https:\/\/elinformante.mx\/?p=29424"},"modified":"2023-06-21T14:39:36","modified_gmt":"2023-06-21T14:39:36","slug":"invita-metepec-a-una-noche-de-guerreros-con-boxeadores-locales-y-nacionales","status":"publish","type":"post","link":"https:\/\/elinformante.mx\/?p=29424","title":{"rendered":"Invita Metepec a \u201cUna Noche de Guerreros\u201d, con boxeadores locales y nacionales"},"content":{"rendered":"\n<blockquote class=\"wp-block-quote is-layout-flow wp-block-quote-is-layout-flow\">\n<p>Ser\u00e1 en el Club Deportivo La Asunci\u00f3n a partir de las 17:00 horas, ubicado en el Pueblo M\u00e1gico. Se podr\u00e1n apreciar nueve peleas y se disputar\u00e1n 44 rounds.<\/p>\n<\/blockquote>\n\n\n\n<p>Con el prop\u00f3sito de impulsar en las y los j\u00f3venes el deporte y recuperar espacios deportivos, el Ayuntamiento de Metepec que encabeza el edil Fernando Flores, invita a la gran funci\u00f3n de box profesional denominada \u201cGuerra en Metepec. Una noche de Guerreros\u201d; se celebrar\u00e1 el s\u00e1bado 24 de junio.<br><\/p>\n\n\n\n<p>La cita es en el Club Deportivo La Asunci\u00f3n a partir de las 17:00 horas, ubicado en el Pueblo M\u00e1gico. Se podr\u00e1n apreciar nueve peleas y se disputar\u00e1n 44 rounds, con duelos desde 4 hasta 9 rounds; participar\u00e1n peleadores locales y de otras entidades como Sinaloa, Aguascalientes y Chihuahua.<br><\/p>\n\n\n\n<p>\u201cSeguiremos impulsando a los j\u00f3venes para que tengan la mente alejada de las drogas, del alcohol y de todos los vicios que ahorita hay en la sociedad; el generar espacios deportivos, repercute en quien, y quienes practican el deporte, generan bioqu\u00edmicos que hace a la gente sea feliz\u201d, indic\u00f3 el edil.<br><\/p>\n\n\n\n<p>La venta de los boletos est\u00e1 disponible en taquillas del Club La Asunci\u00f3n con varias localidades disponibles, entre ellas, Ringside (mesa para 4 personas) $2000; VIP Oro $450; VIP Plata $350 y General $150. Se espera la asistencia de entre 700 y mil aficionados.<br><\/p>\n\n\n\n<p>En el acto de presentaci\u00f3n tuvo la presencia de Juan Jos\u00e9 Herrera, comisionado de Box y Lucha Libre del Estado de M\u00e9xico, as\u00ed como William \u201cEl Camar\u00f3n\u201d Zepeda, campe\u00f3n WBA Ligero y Kevin \u201cEl Chacal\u201d Gonz\u00e1lez, campe\u00f3n WBA S\u00faper Gallo, al igual que los peleadores, Antonio Flores, Enrique Escalona, Cristopher Santos y el reconocido entrenador Carlos Duarte.<\/p>\n","protected":false},"excerpt":{"rendered":"<p>Ser\u00e1 en el Club Deportivo La Asunci\u00f3n a partir de las 17:00 horas, ubicado en el Pueblo M\u00e1gico. Se podr\u00e1n apreciar nueve peleas y se disputar\u00e1n 44 rounds. Con el prop\u00f3sito de impulsar en las y los j\u00f3venes el deporte y recuperar espacios deportivos, el Ayuntamiento de Metepec que encabeza el edil Fernando Flores, invita [&hellip;]<\/p>\n","protected":false},"author":1,"featured_media":29425,"comment_status":"closed","ping_status":"closed","sticky":false,"template":"","format":"standard","meta":{"footnotes":""},"categories":[30,36],"tags":[],"class_list":["post-29424","post","type-post","status-publish","format-standard","has-post-thumbnail","hentry","category-destacado","category-edomex"],"_links":{"self":[{"href":"https:\/\/elinformante.mx\/index.php?rest_route=\/wp\/v2\/posts\/29424","targetHints":{"allow":["GET"]}}],"collection":[{"href":"https:\/\/elinformante.mx\/index.php?rest_route=\/wp\/v2\/posts"}],"about":[{"href":"https:\/\/elinformante.mx\/index.php?rest_route=\/wp\/v2\/types\/post"}],"author":[{"embeddable":true,"href":"https:\/\/elinformante.mx\/index.php?rest_route=\/wp\/v2\/users\/1"}],"replies":[{"embeddable":true,"href":"https:\/\/elinformante.mx\/index.php?rest_route=%2Fwp%2Fv2%2Fcomments&post=29424"}],"version-history":[{"count":0,"href":"https:\/\/elinformante.mx\/index.php?rest_route=\/wp\/v2\/posts\/29424\/revisions"}],"wp:featuredmedia":[{"embeddable":true,"href":"https:\/\/elinformante.mx\/index.php?rest_route=\/wp\/v2\/media\/29425"}],"wp:attachment":[{"href":"https:\/\/elinformante.mx\/index.php?rest_route=%2Fwp%2Fv2%2Fmedia&parent=29424"}],"wp:term":[{"taxonomy":"category","embeddable":true,"href":"https:\/\/elinformante.mx\/index.php?rest_route=%2Fwp%2Fv2%2Fcategories&post=29424"},{"taxonomy":"post_tag","embeddable":true,"href":"https:\/\/elinformante.mx\/index.php?rest_route=%2Fwp%2Fv2%2Ftags&post=29424"}],"curies":[{"name":"wp","href":"https:\/\/api.w.org\/{rel}","templated":true}]}}