{"id":29537,"date":"2023-06-22T14:59:42","date_gmt":"2023-06-22T14:59:42","guid":{"rendered":"https:\/\/elinformante.mx\/?p=29537"},"modified":"2023-06-22T14:59:43","modified_gmt":"2023-06-22T14:59:43","slug":"inaugura-manuel-vilchis-salon-de-usos-multiples-en-el-mercado-municipal","status":"publish","type":"post","link":"https:\/\/elinformante.mx\/?p=29537","title":{"rendered":"Inaugura Manuel Vilchis sal\u00f3n de usos m\u00faltiples en el mercado municipal"},"content":{"rendered":"\n<blockquote class=\"wp-block-quote is-layout-flow wp-block-quote-is-layout-flow\">\n<p class=\"wp-block-paragraph\">Manuel Vilchis Viveros, acompa\u00f1ado de miembros del cabildo, entreg\u00f3 a los comerciantes la obra.<\/p>\n<\/blockquote>\n\n\n\n<p class=\"wp-block-paragraph\">La tarde de este martes se llev\u00f3 a cabo la inauguraci\u00f3n del sal\u00f3n de usos m\u00faltiples en el Mercado \u201cFrancisco I Madero\u201d, ubicado en la cabecera municipal de Zinacantepec, espacio que ser\u00e1 utilizado por los comerciantes del inmueble.<br><\/p>\n\n\n\n<p class=\"wp-block-paragraph\">El presidente municipal Manuel Vilchis Viveros, acompa\u00f1ado de miembros del cabildo, entreg\u00f3 a los comerciantes la obra que forma parte de las acciones de mejora y rehabilitaci\u00f3n de espacios p\u00fablicos en el municipio.<br><\/p>\n\n\n\n<figure class=\"wp-block-image size-large\"><img fetchpriority=\"high\" decoding=\"async\" width=\"1024\" height=\"503\" src=\"https:\/\/elinformante.mx\/wp-content\/uploads\/2023\/06\/INAUGURA-2-1024x503.jpg\" alt=\"\" class=\"wp-image-29539\" srcset=\"https:\/\/elinformante.mx\/wp-content\/uploads\/2023\/06\/INAUGURA-2-1024x503.jpg 1024w, https:\/\/elinformante.mx\/wp-content\/uploads\/2023\/06\/INAUGURA-2-300x147.jpg 300w, https:\/\/elinformante.mx\/wp-content\/uploads\/2023\/06\/INAUGURA-2-768x377.jpg 768w, https:\/\/elinformante.mx\/wp-content\/uploads\/2023\/06\/INAUGURA-2-580x285.jpg 580w, https:\/\/elinformante.mx\/wp-content\/uploads\/2023\/06\/INAUGURA-2-860x422.jpg 860w, https:\/\/elinformante.mx\/wp-content\/uploads\/2023\/06\/INAUGURA-2.jpg 1140w\" sizes=\"(max-width: 1024px) 100vw, 1024px\" \/><\/figure>\n\n\n\n<p class=\"wp-block-paragraph\">En el evento se destac\u00f3 que dicha obra fue un compromiso adquirido por la administraci\u00f3n municipal con los locatarios y su mesa directiva, mismo que fue atendido y despu\u00e9s de reunirse y trabajar de la mano con los integrantes de la mesa directiva, se procedi\u00f3 a la construcci\u00f3n del sal\u00f3n en el que se ven beneficiados de manera directa e indirecta m\u00e1s de cinco mil usuarios, adem\u00e1s de anunciar que de inmediato se iniciar\u00e1n los trabajos de impermeabilizaci\u00f3n del inmueble como tambi\u00e9n se lo hab\u00edan solicitado.<br><\/p>\n\n\n\n<p class=\"wp-block-paragraph\">Por su parte los locatarios agradecieron el apoyo que les brinda la administraci\u00f3n 2022-2024, dado que luego de la pandemia, la recuperaci\u00f3n econ\u00f3mica es urgente y con las mejoras realizadas al mercado, la distribuci\u00f3n e imagen permitir\u00e1n a los visitantes, vecinas y vecinos, realizar sus compras con mayor agilidad, en un ambiente agradable y ordenado.<br><\/p>\n\n\n\n<p class=\"wp-block-paragraph\">El Director de Obras P\u00fablicas, Aldo Octavio Pe\u00f1a Vilchis, se\u00f1al\u00f3 que los trabajos consistieron en colocaci\u00f3n de estructura met\u00e1lica, suministro e instalaci\u00f3n de acero de refuerzo, colocaci\u00f3n de tablaroca en estructura met\u00e1lica de fachada, piso de loseta y pintura en muros.<\/p>\n","protected":false},"excerpt":{"rendered":"<p>Manuel Vilchis Viveros, acompa\u00f1ado de miembros del cabildo, entreg\u00f3 a los comerciantes la obra. La tarde de este martes se llev\u00f3 a cabo la inauguraci\u00f3n del sal\u00f3n de usos m\u00faltiples en el Mercado \u201cFrancisco I Madero\u201d, ubicado en la cabecera municipal de Zinacantepec, espacio que ser\u00e1 utilizado por los comerciantes del inmueble. El presidente municipal [&hellip;]<\/p>\n","protected":false},"author":1,"featured_media":29538,"comment_status":"closed","ping_status":"closed","sticky":false,"template":"","format":"standard","meta":{"footnotes":""},"categories":[30,36],"tags":[],"class_list":["post-29537","post","type-post","status-publish","format-standard","has-post-thumbnail","hentry","category-destacado","category-edomex"],"_links":{"self":[{"href":"https:\/\/elinformante.mx\/index.php?rest_route=\/wp\/v2\/posts\/29537","targetHints":{"allow":["GET"]}}],"collection":[{"href":"https:\/\/elinformante.mx\/index.php?rest_route=\/wp\/v2\/posts"}],"about":[{"href":"https:\/\/elinformante.mx\/index.php?rest_route=\/wp\/v2\/types\/post"}],"author":[{"embeddable":true,"href":"https:\/\/elinformante.mx\/index.php?rest_route=\/wp\/v2\/users\/1"}],"replies":[{"embeddable":true,"href":"https:\/\/elinformante.mx\/index.php?rest_route=%2Fwp%2Fv2%2Fcomments&post=29537"}],"version-history":[{"count":0,"href":"https:\/\/elinformante.mx\/index.php?rest_route=\/wp\/v2\/posts\/29537\/revisions"}],"wp:featuredmedia":[{"embeddable":true,"href":"https:\/\/elinformante.mx\/index.php?rest_route=\/wp\/v2\/media\/29538"}],"wp:attachment":[{"href":"https:\/\/elinformante.mx\/index.php?rest_route=%2Fwp%2Fv2%2Fmedia&parent=29537"}],"wp:term":[{"taxonomy":"category","embeddable":true,"href":"https:\/\/elinformante.mx\/index.php?rest_route=%2Fwp%2Fv2%2Fcategories&post=29537"},{"taxonomy":"post_tag","embeddable":true,"href":"https:\/\/elinformante.mx\/index.php?rest_route=%2Fwp%2Fv2%2Ftags&post=29537"}],"curies":[{"name":"wp","href":"https:\/\/api.w.org\/{rel}","templated":true}]}}