{"id":29541,"date":"2023-06-22T15:01:45","date_gmt":"2023-06-22T15:01:45","guid":{"rendered":"https:\/\/elinformante.mx\/?p=29541"},"modified":"2023-06-22T15:01:46","modified_gmt":"2023-06-22T15:01:46","slug":"poder-judicial-y-fundacion-slim-aproximaran-capacitacion-en-centros-de-convivencia-familiar","status":"publish","type":"post","link":"https:\/\/elinformante.mx\/?p=29541","title":{"rendered":"Poder Judicial y Fundaci\u00f3n Slim aproximar\u00e1n capacitaci\u00f3n en Centros de Convivencia Familiar"},"content":{"rendered":"\n<blockquote class=\"wp-block-quote is-layout-flow wp-block-quote-is-layout-flow\">\n<p class=\"wp-block-paragraph\">Se expuso que alrededor de mil personas recibieron capacitaci\u00f3n en los Centros de Convivencia Familiar.<\/p>\n<\/blockquote>\n\n\n\n<p class=\"wp-block-paragraph\">El Poder Judicial del Estado de M\u00e9xico y la Fundaci\u00f3n Carlos Slim firmaron un convenio de colaboraci\u00f3n en el marco del Programa \u201cConstruyendo y Fortaleciendo Conocimiento desde el marco de la Administraci\u00f3n de Justicia\u201d.<br><\/p>\n\n\n\n<p class=\"wp-block-paragraph\">El objetivo es acercar capacitaci\u00f3n y educaci\u00f3n inicial en los Centros de Convivencia Familiar a los involucrados en el proceso de separaci\u00f3n; se busca que padres y madres en proceso de separaci\u00f3n, personas privadas de la libertad, adolescentes y j\u00f3venes en Reinserci\u00f3n Social reciban capacitaci\u00f3n y talleres para promover su desarrollo humano, adem\u00e1s de que reciban herramientas para mejorar su calidad de vida, capacitaci\u00f3n para el empleo en administraci\u00f3n y finanzas, tecnolog\u00edas de la informaci\u00f3n, sustentabilidad, miner\u00eda, moda y belleza, turismo, salud y comercio, entre otras materias.<br><\/p>\n\n\n\n<p class=\"wp-block-paragraph\">La directora general del Programa \u201cEducaci\u00f3n Inicial\u201d de la Fundaci\u00f3n Carlos Slim, Johanna Slim Domit, sostuvo que a la fecha alrededor de mil personas recibieron capacitaci\u00f3n en los Centros de Convivencia Familiar.<br><\/p>\n\n\n\n<figure class=\"wp-block-image size-large\"><img fetchpriority=\"high\" decoding=\"async\" width=\"1024\" height=\"503\" src=\"https:\/\/elinformante.mx\/wp-content\/uploads\/2023\/06\/PODER-2-1024x503.jpg\" alt=\"\" class=\"wp-image-29543\" srcset=\"https:\/\/elinformante.mx\/wp-content\/uploads\/2023\/06\/PODER-2-1024x503.jpg 1024w, https:\/\/elinformante.mx\/wp-content\/uploads\/2023\/06\/PODER-2-300x147.jpg 300w, https:\/\/elinformante.mx\/wp-content\/uploads\/2023\/06\/PODER-2-768x377.jpg 768w, https:\/\/elinformante.mx\/wp-content\/uploads\/2023\/06\/PODER-2-580x285.jpg 580w, https:\/\/elinformante.mx\/wp-content\/uploads\/2023\/06\/PODER-2-860x422.jpg 860w, https:\/\/elinformante.mx\/wp-content\/uploads\/2023\/06\/PODER-2.jpg 1140w\" sizes=\"(max-width: 1024px) 100vw, 1024px\" \/><\/figure>\n\n\n\n<p class=\"wp-block-paragraph\">En su intervenci\u00f3n, el presidente del Poder Judicial del Estado de M\u00e9xico, Ricardo Sodi Cuellar, explic\u00f3 que desde octubre de 2021 se puso en marcha dicho programa, no obstante, era necesario obtener resultados antes de signar el convenio que ha beneficiado a servidores p\u00fablicos de \u00e1reas jurisdiccionales y administrativas, sus familiares, adolescentes y adultos de las preceptor\u00edas de Nezahualc\u00f3yotl y Tlalnepantla.<br><\/p>\n\n\n\n<p class=\"wp-block-paragraph\">Por su parte, el director de la divisi\u00f3n de Educaci\u00f3n y Empleo de la Fundaci\u00f3n Carlos Slim, Javier Elguea Sol\u00eds, expres\u00f3 que los programas y plataformas de la Fundaci\u00f3n impulsan la educaci\u00f3n desde la ni\u00f1ez, con la finalidad de generar el desarrollo humano de las personas, as\u00ed como anticipar la formaci\u00f3n en las \u00e1reas en las que est\u00e1 surgiendo el empleo.<br><\/p>\n\n\n\n<p class=\"wp-block-paragraph\">En este contexto, los talleres y capacitaci\u00f3n, impartidos a trav\u00e9s del Programa \u201cConstruyendo y Fortaleciendo Conocimiento desde el marco de la Administraci\u00f3n de Justicia\u201d, buscan preparar a las personas para las adversidades de la vida cotidiana.<\/p>\n","protected":false},"excerpt":{"rendered":"<p>Se expuso que alrededor de mil personas recibieron capacitaci\u00f3n en los Centros de Convivencia Familiar. El Poder Judicial del Estado de M\u00e9xico y la Fundaci\u00f3n Carlos Slim firmaron un convenio de colaboraci\u00f3n en el marco del Programa \u201cConstruyendo y Fortaleciendo Conocimiento desde el marco de la Administraci\u00f3n de Justicia\u201d. El objetivo es acercar capacitaci\u00f3n y [&hellip;]<\/p>\n","protected":false},"author":1,"featured_media":29542,"comment_status":"closed","ping_status":"closed","sticky":false,"template":"","format":"standard","meta":{"footnotes":""},"categories":[30,36],"tags":[],"class_list":["post-29541","post","type-post","status-publish","format-standard","has-post-thumbnail","hentry","category-destacado","category-edomex"],"_links":{"self":[{"href":"https:\/\/elinformante.mx\/index.php?rest_route=\/wp\/v2\/posts\/29541","targetHints":{"allow":["GET"]}}],"collection":[{"href":"https:\/\/elinformante.mx\/index.php?rest_route=\/wp\/v2\/posts"}],"about":[{"href":"https:\/\/elinformante.mx\/index.php?rest_route=\/wp\/v2\/types\/post"}],"author":[{"embeddable":true,"href":"https:\/\/elinformante.mx\/index.php?rest_route=\/wp\/v2\/users\/1"}],"replies":[{"embeddable":true,"href":"https:\/\/elinformante.mx\/index.php?rest_route=%2Fwp%2Fv2%2Fcomments&post=29541"}],"version-history":[{"count":0,"href":"https:\/\/elinformante.mx\/index.php?rest_route=\/wp\/v2\/posts\/29541\/revisions"}],"wp:featuredmedia":[{"embeddable":true,"href":"https:\/\/elinformante.mx\/index.php?rest_route=\/wp\/v2\/media\/29542"}],"wp:attachment":[{"href":"https:\/\/elinformante.mx\/index.php?rest_route=%2Fwp%2Fv2%2Fmedia&parent=29541"}],"wp:term":[{"taxonomy":"category","embeddable":true,"href":"https:\/\/elinformante.mx\/index.php?rest_route=%2Fwp%2Fv2%2Fcategories&post=29541"},{"taxonomy":"post_tag","embeddable":true,"href":"https:\/\/elinformante.mx\/index.php?rest_route=%2Fwp%2Fv2%2Ftags&post=29541"}],"curies":[{"name":"wp","href":"https:\/\/api.w.org\/{rel}","templated":true}]}}