{"id":29825,"date":"2023-06-27T13:19:10","date_gmt":"2023-06-27T13:19:10","guid":{"rendered":"https:\/\/elinformante.mx\/?p=29825"},"modified":"2023-06-27T13:19:11","modified_gmt":"2023-06-27T13:19:11","slug":"declaran-dos-municipios-como-nuevos-pueblos-magicos-del-edomex","status":"publish","type":"post","link":"https:\/\/elinformante.mx\/?p=29825","title":{"rendered":"Declaran dos municipios como nuevos pueblos m\u00e1gicos del Edom\u00e9x"},"content":{"rendered":"\n<blockquote class=\"wp-block-quote is-layout-flow wp-block-quote-is-layout-flow\">\n<p class=\"wp-block-paragraph\">Los municipios de Otumba y Jilotepec se sumaron a la lista de Pueblos M\u00e1gicos en el Estado de M\u00e9xico y de todo el pa\u00eds.<\/p>\n<\/blockquote>\n\n\n\n<p class=\"wp-block-paragraph\">Este lunes el secretario de Turismo, Miguel Torruco Marqu\u00e9s, dio a conocer el nombramiento de Otumba y Jilotepec como Pueblos M\u00e1gicos y, en el anuncio, destac\u00f3 el objetivo de consolidar la trascendencia para el desarrollo tur\u00edstico de M\u00e9xico.<br><\/p>\n\n\n\n<p class=\"wp-block-paragraph\">Otumba y Jilotepec son parte de los 45 nuevos municipios con esta denominaci\u00f3n, lo que les permitir\u00e1 potenciar sus actividades y ser motivadores de viaje.<br><\/p>\n\n\n\n<figure class=\"wp-block-image size-large\"><img fetchpriority=\"high\" decoding=\"async\" width=\"1024\" height=\"503\" src=\"https:\/\/elinformante.mx\/wp-content\/uploads\/2023\/06\/DECLARAN-2-1024x503.jpg\" alt=\"\" class=\"wp-image-29827\" srcset=\"https:\/\/elinformante.mx\/wp-content\/uploads\/2023\/06\/DECLARAN-2-1024x503.jpg 1024w, https:\/\/elinformante.mx\/wp-content\/uploads\/2023\/06\/DECLARAN-2-300x147.jpg 300w, https:\/\/elinformante.mx\/wp-content\/uploads\/2023\/06\/DECLARAN-2-768x377.jpg 768w, https:\/\/elinformante.mx\/wp-content\/uploads\/2023\/06\/DECLARAN-2-580x285.jpg 580w, https:\/\/elinformante.mx\/wp-content\/uploads\/2023\/06\/DECLARAN-2-860x422.jpg 860w, https:\/\/elinformante.mx\/wp-content\/uploads\/2023\/06\/DECLARAN-2.jpg 1140w\" sizes=\"(max-width: 1024px) 100vw, 1024px\" \/><\/figure>\n\n\n\n<p class=\"wp-block-paragraph\">Otumba cuenta con un patrimonio hist\u00f3rico y cultural de gran trascendencia, como parte de los Arcos del Padre Tembleque; la Casa de los Virreyes, el museo del ferrocarril y el Centro Cultural Regional, donde naci\u00f3 el pintor Gonzalo Carrasco, recinto que muestra la vida de principio del siglo XX.<br><\/p>\n\n\n\n<p class=\"wp-block-paragraph\">Por su parte la pr\u00f3xima gobernadora del Estado de M\u00e9xico, Delfina G\u00f3mez se pronunci\u00f3 a trav\u00e9s de sus redes sociales:<br><\/p>\n\n\n\n<p class=\"wp-block-paragraph\">\u201cMe llena de alegr\u00eda saber que la @SECTUR_mx nombr\u00f3 hoy a #Jilotepec y #Otumba como #PueblosM\u00e1gicos, con los cuales ya contamos con 12 en el Estado de M\u00e9xico. Les invito a conocer sus atractivos tur\u00edsticos, y tambi\u00e9n a sus maravillosos habitantes que siempre nos reciben con tanto cari\u00f1o\u201d.<\/p>\n","protected":false},"excerpt":{"rendered":"<p>Los municipios de Otumba y Jilotepec se sumaron a la lista de Pueblos M\u00e1gicos en el Estado de M\u00e9xico y de todo el pa\u00eds. Este lunes el secretario de Turismo, Miguel Torruco Marqu\u00e9s, dio a conocer el nombramiento de Otumba y Jilotepec como Pueblos M\u00e1gicos y, en el anuncio, destac\u00f3 el objetivo de consolidar la [&hellip;]<\/p>\n","protected":false},"author":1,"featured_media":29826,"comment_status":"closed","ping_status":"closed","sticky":false,"template":"","format":"standard","meta":{"footnotes":""},"categories":[30,31],"tags":[],"class_list":["post-29825","post","type-post","status-publish","format-standard","has-post-thumbnail","hentry","category-destacado","category-portada"],"_links":{"self":[{"href":"https:\/\/elinformante.mx\/index.php?rest_route=\/wp\/v2\/posts\/29825","targetHints":{"allow":["GET"]}}],"collection":[{"href":"https:\/\/elinformante.mx\/index.php?rest_route=\/wp\/v2\/posts"}],"about":[{"href":"https:\/\/elinformante.mx\/index.php?rest_route=\/wp\/v2\/types\/post"}],"author":[{"embeddable":true,"href":"https:\/\/elinformante.mx\/index.php?rest_route=\/wp\/v2\/users\/1"}],"replies":[{"embeddable":true,"href":"https:\/\/elinformante.mx\/index.php?rest_route=%2Fwp%2Fv2%2Fcomments&post=29825"}],"version-history":[{"count":0,"href":"https:\/\/elinformante.mx\/index.php?rest_route=\/wp\/v2\/posts\/29825\/revisions"}],"wp:featuredmedia":[{"embeddable":true,"href":"https:\/\/elinformante.mx\/index.php?rest_route=\/wp\/v2\/media\/29826"}],"wp:attachment":[{"href":"https:\/\/elinformante.mx\/index.php?rest_route=%2Fwp%2Fv2%2Fmedia&parent=29825"}],"wp:term":[{"taxonomy":"category","embeddable":true,"href":"https:\/\/elinformante.mx\/index.php?rest_route=%2Fwp%2Fv2%2Fcategories&post=29825"},{"taxonomy":"post_tag","embeddable":true,"href":"https:\/\/elinformante.mx\/index.php?rest_route=%2Fwp%2Fv2%2Ftags&post=29825"}],"curies":[{"name":"wp","href":"https:\/\/api.w.org\/{rel}","templated":true}]}}