{"id":29829,"date":"2023-06-27T13:21:49","date_gmt":"2023-06-27T13:21:49","guid":{"rendered":"https:\/\/elinformante.mx\/?p=29829"},"modified":"2023-06-27T13:21:50","modified_gmt":"2023-06-27T13:21:50","slug":"busca-gem-implementar-un-sistema-integral-de-cuidados","status":"publish","type":"post","link":"https:\/\/elinformante.mx\/?p=29829","title":{"rendered":"Busca GEM implementar un sistema integral de cuidados"},"content":{"rendered":"\n<blockquote class=\"wp-block-quote is-layout-flow wp-block-quote-is-layout-flow\">\n<p class=\"wp-block-paragraph\">Destacan importancia de reconocer el cuidado como un derecho humano.<\/p>\n<\/blockquote>\n\n\n\n<p class=\"wp-block-paragraph\">Para la administraci\u00f3n del Gobernador Alfredo Del Mazo ha sido una prioridad impulsar pol\u00edticas con perspectiva de cuidados, por ello, la Secretar\u00eda de las Mujeres (Semujeres) en coordinaci\u00f3n con el Instituto de Pol\u00edticas P\u00fablicas del Estado de M\u00e9xico y sus Municipios (IAPEM), llevaron a cabo la presentaci\u00f3n del documento \u201cHacia una pol\u00edtica integral de cuidados para el Estado de M\u00e9xico\u201d, diagn\u00f3stico y propuesta de ruta cr\u00edtica para sentar las bases de un Sistema Integral de Cuidados.<br><\/p>\n\n\n\n<p class=\"wp-block-paragraph\">Acompa\u00f1ada de las Secretarias del Trabajo y del Campo, Maribel G\u00f3ngora y Leticia Mej\u00eda, respectivamente, la titular de la Secretar\u00eda de las Mujeres, Denisse Ugalde Alegr\u00eda, resalt\u00f3 que este documento ayudar\u00e1 a realizar una redistribuci\u00f3n del presupuesto para incidir directamente en las realidades de las mujeres que viven en la entidad.<br><\/p>\n\n\n\n<p class=\"wp-block-paragraph\">Agreg\u00f3 que es importante la integralidad de lo que significa un sistema como \u00e9ste, ya que, sin la participaci\u00f3n de todas las dependencias del Gobierno estatal, dif\u00edcilmente se va a poder avanzar en este Sistema Integral de Cuidados y es esencial para brindar apoyo y asistencia a las personas que requieren y no pueden atenderse por s\u00ed mismas y para quienes brindan esos cuidados.<br><\/p>\n\n\n\n<figure class=\"wp-block-image size-large\"><img fetchpriority=\"high\" decoding=\"async\" width=\"1024\" height=\"503\" src=\"https:\/\/elinformante.mx\/wp-content\/uploads\/2023\/06\/busca-gem-2-1024x503.jpg\" alt=\"\" class=\"wp-image-29831\" srcset=\"https:\/\/elinformante.mx\/wp-content\/uploads\/2023\/06\/busca-gem-2-1024x503.jpg 1024w, https:\/\/elinformante.mx\/wp-content\/uploads\/2023\/06\/busca-gem-2-300x147.jpg 300w, https:\/\/elinformante.mx\/wp-content\/uploads\/2023\/06\/busca-gem-2-768x377.jpg 768w, https:\/\/elinformante.mx\/wp-content\/uploads\/2023\/06\/busca-gem-2-580x285.jpg 580w, https:\/\/elinformante.mx\/wp-content\/uploads\/2023\/06\/busca-gem-2-860x422.jpg 860w, https:\/\/elinformante.mx\/wp-content\/uploads\/2023\/06\/busca-gem-2.jpg 1140w\" sizes=\"(max-width: 1024px) 100vw, 1024px\" \/><\/figure>\n\n\n\n<p class=\"wp-block-paragraph\">En su participaci\u00f3n, el Director General del IAPEM, Jos\u00e9 Ignacio Rub\u00ed Salazar, refiri\u00f3 que, con la publicaci\u00f3n de este libro, se pone sobre la mesa un tema muy importante para toda la sociedad y de manera especial para las mujeres, el tema de cuidados el cual es fundamental para lograr la igualdad sustantiva, ya que, dijo, este trabajo, vierte el qu\u00e9 y el porqu\u00e9 del servicio de los cuidados.<br><\/p>\n\n\n\n<p class=\"wp-block-paragraph\">Por su parte, Mar\u00eda de la Paz L\u00f3pez Barajas, socia fundadora de la Organizaci\u00f3n Liderazgo, Igualdad y Desarrollo Sostenible (LIDES), explic\u00f3 que es necesario el reconocimiento del cuidado como derecho humano, lo cual significa que el estado tiene la obligaci\u00f3n para su garant\u00eda y protecci\u00f3n.<br><\/p>\n\n\n\n<p class=\"wp-block-paragraph\">Mencion\u00f3 que es necesaria y urgente una pol\u00edtica de cuidados porque en su mayor parte el trabajo de cuidados no se renumera y porque este recae mayoritariamente sobre las ni\u00f1as y mujeres, asimismo, porque todas las personas requieren alg\u00fan tipo de cuidados en distintas etapas de su vida.<br><\/p>\n\n\n\n<p class=\"wp-block-paragraph\">Durante la presentaci\u00f3n del diagn\u00f3stico, impulsado por Ana Luisa Rojas Chaix, Coordinadora de Estudios y Proyectos Especiales de la Semujeres, la Diputada local por el Distrito XXXVI, Paola Jim\u00e9nez, puntualiz\u00f3 que el Sistema Integral de Cuidados, representa el 27.8 por ciento del Producto Interno Bruto, lo que significa que a nivel nacional tres de cada 10 pesos son aportados por las personas, en su mayor\u00eda mujeres y ni\u00f1as que se dedican a esta labor, esto como trabajo no remunerado.<\/p>\n","protected":false},"excerpt":{"rendered":"<p>Destacan importancia de reconocer el cuidado como un derecho humano. Para la administraci\u00f3n del Gobernador Alfredo Del Mazo ha sido una prioridad impulsar pol\u00edticas con perspectiva de cuidados, por ello, la Secretar\u00eda de las Mujeres (Semujeres) en coordinaci\u00f3n con el Instituto de Pol\u00edticas P\u00fablicas del Estado de M\u00e9xico y sus Municipios (IAPEM), llevaron a cabo [&hellip;]<\/p>\n","protected":false},"author":1,"featured_media":29830,"comment_status":"closed","ping_status":"closed","sticky":false,"template":"","format":"standard","meta":{"footnotes":""},"categories":[30,31],"tags":[],"class_list":["post-29829","post","type-post","status-publish","format-standard","has-post-thumbnail","hentry","category-destacado","category-portada"],"_links":{"self":[{"href":"https:\/\/elinformante.mx\/index.php?rest_route=\/wp\/v2\/posts\/29829","targetHints":{"allow":["GET"]}}],"collection":[{"href":"https:\/\/elinformante.mx\/index.php?rest_route=\/wp\/v2\/posts"}],"about":[{"href":"https:\/\/elinformante.mx\/index.php?rest_route=\/wp\/v2\/types\/post"}],"author":[{"embeddable":true,"href":"https:\/\/elinformante.mx\/index.php?rest_route=\/wp\/v2\/users\/1"}],"replies":[{"embeddable":true,"href":"https:\/\/elinformante.mx\/index.php?rest_route=%2Fwp%2Fv2%2Fcomments&post=29829"}],"version-history":[{"count":0,"href":"https:\/\/elinformante.mx\/index.php?rest_route=\/wp\/v2\/posts\/29829\/revisions"}],"wp:featuredmedia":[{"embeddable":true,"href":"https:\/\/elinformante.mx\/index.php?rest_route=\/wp\/v2\/media\/29830"}],"wp:attachment":[{"href":"https:\/\/elinformante.mx\/index.php?rest_route=%2Fwp%2Fv2%2Fmedia&parent=29829"}],"wp:term":[{"taxonomy":"category","embeddable":true,"href":"https:\/\/elinformante.mx\/index.php?rest_route=%2Fwp%2Fv2%2Fcategories&post=29829"},{"taxonomy":"post_tag","embeddable":true,"href":"https:\/\/elinformante.mx\/index.php?rest_route=%2Fwp%2Fv2%2Ftags&post=29829"}],"curies":[{"name":"wp","href":"https:\/\/api.w.org\/{rel}","templated":true}]}}