{"id":29927,"date":"2023-06-28T13:36:33","date_gmt":"2023-06-28T13:36:33","guid":{"rendered":"https:\/\/elinformante.mx\/?p=29927"},"modified":"2023-06-28T13:36:34","modified_gmt":"2023-06-28T13:36:34","slug":"trabaja-gem-y-sectores-productivos-para-mantener-la-estabilidad-laboral","status":"publish","type":"post","link":"https:\/\/elinformante.mx\/?p=29927","title":{"rendered":"Trabaja GEM y sectores productivos para mantener la estabilidad laboral"},"content":{"rendered":"\n<blockquote class=\"wp-block-quote is-layout-flow wp-block-quote-is-layout-flow\">\n<p>Asiste Secretaria del Trabajo a la Feria del Emprendimiento \u201cConexi\u00f3n Emprendedora\u201d, en Jiquipilco.<\/p>\n<\/blockquote>\n\n\n\n<p>Al asistir a la Feria del Emprendimiento \u201cConexi\u00f3n Emprendedora\u201d, en Jiquipilco, la Secretaria del Trabajo, Maribel G\u00f3ngora Espinosa, recalc\u00f3 que el Gobierno del Estado de M\u00e9xico, a trav\u00e9s de la dependencia que encabeza, tiene como prioridad ser un factor que abone al buen entendimiento entre los sectores de la producci\u00f3n para promover la creaci\u00f3n de nuevas fuentes de empleo y mantener una buena estabilidad laboral.<br><\/p>\n\n\n\n<p>En este sentido, destac\u00f3 que, en estos tiempos, trabajadores, empleadores y autoridades de los distintitos niveles de gobierno trabajan m\u00e1s unidos que nunca, con el prop\u00f3sito de mantener la estabilidad laboral e incrementar los niveles de producci\u00f3n, al mismo tiempo, resalt\u00f3 el talento de la regi\u00f3n, luego de que emprendedores exhibieran y dieran a conocer sus productos.<br><\/p>\n\n\n\n<p>En presencia del alcalde de Jiquipilco, Felipe S\u00e1nchez D\u00e1vila, y del Presidente de la COPARMEX, Jes\u00fas Trigos, la funcionaria estatal dijo que este tipo de eventos son una herramienta directa para la exhibici\u00f3n y comercializaci\u00f3n, ya que promueven la cultura emprendedora y fortalecen la econom\u00eda de la regi\u00f3n y la entidad.<br><\/p>\n\n\n\n<p>\u201cGracias al Presidente municipal Felipe S\u00e1nchez por la invitaci\u00f3n a sumar a favor de las y los mexiquenses, a trav\u00e9s de la capacitaci\u00f3n y colaboraci\u00f3n con diversas empresas y generar los medios para el emprendimiento en el Estado de M\u00e9xico\u201d, subray\u00f3.<br><\/p>\n\n\n\n<figure class=\"wp-block-image size-large\"><img fetchpriority=\"high\" decoding=\"async\" width=\"1024\" height=\"503\" src=\"https:\/\/elinformante.mx\/wp-content\/uploads\/2023\/06\/trabaja-2-1-1024x503.jpg\" alt=\"\" class=\"wp-image-29929\" srcset=\"https:\/\/elinformante.mx\/wp-content\/uploads\/2023\/06\/trabaja-2-1-1024x503.jpg 1024w, https:\/\/elinformante.mx\/wp-content\/uploads\/2023\/06\/trabaja-2-1-300x147.jpg 300w, https:\/\/elinformante.mx\/wp-content\/uploads\/2023\/06\/trabaja-2-1-768x377.jpg 768w, https:\/\/elinformante.mx\/wp-content\/uploads\/2023\/06\/trabaja-2-1-580x285.jpg 580w, https:\/\/elinformante.mx\/wp-content\/uploads\/2023\/06\/trabaja-2-1-860x422.jpg 860w, https:\/\/elinformante.mx\/wp-content\/uploads\/2023\/06\/trabaja-2-1.jpg 1140w\" sizes=\"(max-width: 1024px) 100vw, 1024px\" \/><\/figure>\n\n\n\n<p>G\u00f3ngora Espinosa puso a disposici\u00f3n los servicios que ofrece la Secretar\u00eda del Trabajo, a trav\u00e9s de la Direcci\u00f3n de Empleo y Productividad, as\u00ed como del Instituto de Capacitaci\u00f3n y Adiestramientos para el Trabajo Industrial (ICATI).<br><\/p>\n\n\n\n<p>Asimismo, destac\u00f3 que la Secretar\u00eda del Trabajo cuenta con 10 Oficinas Regionales de Empleo (ORE), a las cuales la poblaci\u00f3n puede acudir para consultar las vacantes con que se cuenta en cada regi\u00f3n de la entidad, de igual forma en este espacio, se les puede asesorar para la creaci\u00f3n de sociedades cooperativas.<br><\/p>\n\n\n\n<p>En cuanto al ICATI, agreg\u00f3, se cuenta con 47 Escuelas de Artes y Oficios (EDAYO) y 18 Unidades de Capacitaci\u00f3n Externa (UCE), que est\u00e1n a disposici\u00f3n de la poblaci\u00f3n, ya que pueden adquirir conocimientos sobre un oficio y c\u00f3mo administrar un negocio.<br><\/p>\n\n\n\n<p>En el evento estuvieron la Presidenta de la Federaci\u00f3n de Comerciantes y Emprendedores del Estado de M\u00e9xico (Fecoem), Carmen Mill\u00e1n Vel\u00e1squez, el emprendedor de Jiquipilco, Roberto Cardoso Santiago, la Directora de Innovaci\u00f3n y Competitividad del Instituto Mexiquense del Emprendedor, Janeth C\u00e1rdenas, el Director de Concertaci\u00f3n y Participaci\u00f3n Ciudadana de la Secretar\u00eda de Medio Ambiente, Abraham Nemer Vel\u00e1zquez, y el Director de Empleo y Productividad, Jos\u00e9 Antonio Corona Yurrieta.<\/p>\n","protected":false},"excerpt":{"rendered":"<p>Asiste Secretaria del Trabajo a la Feria del Emprendimiento \u201cConexi\u00f3n Emprendedora\u201d, en Jiquipilco. Al asistir a la Feria del Emprendimiento \u201cConexi\u00f3n Emprendedora\u201d, en Jiquipilco, la Secretaria del Trabajo, Maribel G\u00f3ngora Espinosa, recalc\u00f3 que el Gobierno del Estado de M\u00e9xico, a trav\u00e9s de la dependencia que encabeza, tiene como prioridad ser un factor que abone al [&hellip;]<\/p>\n","protected":false},"author":1,"featured_media":29928,"comment_status":"closed","ping_status":"closed","sticky":false,"template":"","format":"standard","meta":{"footnotes":""},"categories":[30,31],"tags":[],"class_list":["post-29927","post","type-post","status-publish","format-standard","has-post-thumbnail","hentry","category-destacado","category-portada"],"_links":{"self":[{"href":"https:\/\/elinformante.mx\/index.php?rest_route=\/wp\/v2\/posts\/29927","targetHints":{"allow":["GET"]}}],"collection":[{"href":"https:\/\/elinformante.mx\/index.php?rest_route=\/wp\/v2\/posts"}],"about":[{"href":"https:\/\/elinformante.mx\/index.php?rest_route=\/wp\/v2\/types\/post"}],"author":[{"embeddable":true,"href":"https:\/\/elinformante.mx\/index.php?rest_route=\/wp\/v2\/users\/1"}],"replies":[{"embeddable":true,"href":"https:\/\/elinformante.mx\/index.php?rest_route=%2Fwp%2Fv2%2Fcomments&post=29927"}],"version-history":[{"count":0,"href":"https:\/\/elinformante.mx\/index.php?rest_route=\/wp\/v2\/posts\/29927\/revisions"}],"wp:featuredmedia":[{"embeddable":true,"href":"https:\/\/elinformante.mx\/index.php?rest_route=\/wp\/v2\/media\/29928"}],"wp:attachment":[{"href":"https:\/\/elinformante.mx\/index.php?rest_route=%2Fwp%2Fv2%2Fmedia&parent=29927"}],"wp:term":[{"taxonomy":"category","embeddable":true,"href":"https:\/\/elinformante.mx\/index.php?rest_route=%2Fwp%2Fv2%2Fcategories&post=29927"},{"taxonomy":"post_tag","embeddable":true,"href":"https:\/\/elinformante.mx\/index.php?rest_route=%2Fwp%2Fv2%2Ftags&post=29927"}],"curies":[{"name":"wp","href":"https:\/\/api.w.org\/{rel}","templated":true}]}}