{"id":29931,"date":"2023-06-28T13:38:07","date_gmt":"2023-06-28T13:38:07","guid":{"rendered":"https:\/\/elinformante.mx\/?p=29931"},"modified":"2023-06-28T13:38:08","modified_gmt":"2023-06-28T13:38:08","slug":"es-edomex-uno-de-los-principales-lideres-en-produccion-de-bienes-y-servicios","status":"publish","type":"post","link":"https:\/\/elinformante.mx\/?p=29931","title":{"rendered":"Es Edom\u00e9x uno de los principales l\u00edderes en producci\u00f3n de bienes y servicios"},"content":{"rendered":"\n<blockquote class=\"wp-block-quote is-layout-flow wp-block-quote-is-layout-flow\">\n<p class=\"wp-block-paragraph\">Destacan que, en la presente administraci\u00f3n, el Edom\u00e9x se ha consolidado como el nodo log\u00edstico m\u00e1s importante del pa\u00eds y de Centroam\u00e9rica.<\/p>\n<\/blockquote>\n\n\n\n<p class=\"wp-block-paragraph\">Al t\u00e9rmino de la presente administraci\u00f3n, el Estado de M\u00e9xico se mantendr\u00e1 como uno de los principales l\u00edderes en la producci\u00f3n de bienes y servicios, adem\u00e1s de consolidarse como el nodo log\u00edstico m\u00e1s importante del pa\u00eds y de Centroam\u00e9rica, afirm\u00f3 el Secretario de Desarrollo Econ\u00f3mico, Pablo Peralta Garc\u00eda.<br><\/p>\n\n\n\n<p class=\"wp-block-paragraph\">Confirm\u00f3 que la entidad es ya un punto estrat\u00e9gico para M\u00e9xico y para el continente, no s\u00f3lo por sus ventajas competitivas y la interconectividad, sino tambi\u00e9n por las condiciones que existen para garantizar el crecimiento de las inversiones, adem\u00e1s de que es tomado en consideraci\u00f3n por las distintas empresas como un sitio adecuado para asentarse.<br><\/p>\n\n\n\n<p class=\"wp-block-paragraph\">Precis\u00f3 que, por instrucciones del Gobernador Alfredo Del Mazo, se estableci\u00f3 la simplificaci\u00f3n de tr\u00e1mites orientada a atender a cualquier empresa o comercio y acompa\u00f1arla en todos los tr\u00e1mites y gestiones hasta que inicie sus actividades.<br><\/p>\n\n\n\n<p class=\"wp-block-paragraph\">Durante un encuentro con empresarios, el titular de la Secretar\u00eda de Desarrollo Econ\u00f3mico (Sedeco) mencion\u00f3 que la articulaci\u00f3n de la estrategia de crecimiento econ\u00f3mico impulsada desde el gobierno estatal, llev\u00f3 a la captaci\u00f3n de propuestas, las cuales se consolidaron contribuyendo al fortalecimiento del sector empresarial.<br><\/p>\n\n\n\n<p class=\"wp-block-paragraph\">\u201cTambi\u00e9n se trabaj\u00f3 en la simplificaci\u00f3n de tr\u00e1mites y se pas\u00f3 del Dictamen \u00danico de Factibilidad (DUF) a la Evaluaci\u00f3n de Impacto Estatal, lo cual permiti\u00f3 que distintos tr\u00e1mites que tardaban hasta dos o tres a\u00f1os, hoy los solicitantes lo obtengan, con apego a la ley, en 41 d\u00edas h\u00e1biles\u201d, afirm\u00f3.<br><\/p>\n\n\n\n<p class=\"wp-block-paragraph\">Precis\u00f3 que el Gobierno mexiquense logr\u00f3 robustecer la confianza del sector inversionista al permitirle cumplir con todo el marco regulatorio, alentando que en las distintas zonas y parques industriales del Valle de Toluca como del Valle de M\u00e9xico, lleguen nuevos capitales.<br><\/p>\n\n\n\n<p class=\"wp-block-paragraph\">\u201cLo que buscamos es que los empresarios puedan invertir de manera muy r\u00e1pida y generen los empleos para todos los y las mexiquenses\u201d, se\u00f1al\u00f3.<\/p>\n","protected":false},"excerpt":{"rendered":"<p>Destacan que, en la presente administraci\u00f3n, el Edom\u00e9x se ha consolidado como el nodo log\u00edstico m\u00e1s importante del pa\u00eds y de Centroam\u00e9rica. Al t\u00e9rmino de la presente administraci\u00f3n, el Estado de M\u00e9xico se mantendr\u00e1 como uno de los principales l\u00edderes en la producci\u00f3n de bienes y servicios, adem\u00e1s de consolidarse como el nodo log\u00edstico m\u00e1s [&hellip;]<\/p>\n","protected":false},"author":1,"featured_media":29932,"comment_status":"closed","ping_status":"closed","sticky":false,"template":"","format":"standard","meta":{"footnotes":""},"categories":[30,31],"tags":[],"class_list":["post-29931","post","type-post","status-publish","format-standard","has-post-thumbnail","hentry","category-destacado","category-portada"],"_links":{"self":[{"href":"https:\/\/elinformante.mx\/index.php?rest_route=\/wp\/v2\/posts\/29931","targetHints":{"allow":["GET"]}}],"collection":[{"href":"https:\/\/elinformante.mx\/index.php?rest_route=\/wp\/v2\/posts"}],"about":[{"href":"https:\/\/elinformante.mx\/index.php?rest_route=\/wp\/v2\/types\/post"}],"author":[{"embeddable":true,"href":"https:\/\/elinformante.mx\/index.php?rest_route=\/wp\/v2\/users\/1"}],"replies":[{"embeddable":true,"href":"https:\/\/elinformante.mx\/index.php?rest_route=%2Fwp%2Fv2%2Fcomments&post=29931"}],"version-history":[{"count":0,"href":"https:\/\/elinformante.mx\/index.php?rest_route=\/wp\/v2\/posts\/29931\/revisions"}],"wp:featuredmedia":[{"embeddable":true,"href":"https:\/\/elinformante.mx\/index.php?rest_route=\/wp\/v2\/media\/29932"}],"wp:attachment":[{"href":"https:\/\/elinformante.mx\/index.php?rest_route=%2Fwp%2Fv2%2Fmedia&parent=29931"}],"wp:term":[{"taxonomy":"category","embeddable":true,"href":"https:\/\/elinformante.mx\/index.php?rest_route=%2Fwp%2Fv2%2Fcategories&post=29931"},{"taxonomy":"post_tag","embeddable":true,"href":"https:\/\/elinformante.mx\/index.php?rest_route=%2Fwp%2Fv2%2Ftags&post=29931"}],"curies":[{"name":"wp","href":"https:\/\/api.w.org\/{rel}","templated":true}]}}