{"id":29934,"date":"2023-06-28T13:39:58","date_gmt":"2023-06-28T13:39:58","guid":{"rendered":"https:\/\/elinformante.mx\/?p=29934"},"modified":"2023-06-28T13:39:59","modified_gmt":"2023-06-28T13:39:59","slug":"titular-de-la-segob-solicita-a-la-ministra-norma-pina-que-se-justifique-el-salario-de-integrantes-de-la-scjn","status":"publish","type":"post","link":"https:\/\/elinformante.mx\/?p=29934","title":{"rendered":"Titular de la Segob solicita a la ministra Norma Pi\u00f1a que se justifique el salario de integrantes de la SCJN"},"content":{"rendered":"\n<blockquote class=\"wp-block-quote is-layout-flow wp-block-quote-is-layout-flow\">\n<p>Esta solicitud es para vigilar que la Suprema Corte cumpla con el art\u00edculo 127 de la Constituci\u00f3n.<\/p>\n<\/blockquote>\n\n\n\n<p>La secretaria de Gobernaci\u00f3n (Segob), Luisa Mar\u00eda Alcalde Luj\u00e1n, solicit\u00f3 este martes a la ministra presidenta de la Suprema Corte de Justicia de la Naci\u00f3n (SCJN), Norma Pi\u00f1a Hern\u00e1ndez, una justificaci\u00f3n del salario de los integrantes del Poder Judicial.<br><\/p>\n\n\n\n<p>A trav\u00e9s de un comunicado, la Segob inform\u00f3 que esta solicitud es para saber sobre las acciones que ha tomado la Corte para cumplir el art\u00edculo 127 de la Constituci\u00f3n, que establece que ning\u00fan servidor p\u00fablico puede percibir m\u00e1s que el presidente de la Rep\u00fablica.<br><\/p>\n\n\n\n<p>\u201cEsta solicitud se realiz\u00f3 conforme al art\u00edculo 27, fracci\u00f3n VII de la Ley Org\u00e1nica de la Administraci\u00f3n P\u00fablica Federal, que faculta a la Segob para vigilar el cumplimiento de los preceptos constitucionales por parte de las autoridades del pa\u00eds, dando un plazo de cinco d\u00edas para responder\u201d, se lee en el comunicado.<br><\/p>\n\n\n\n<p>Asimismo, Alcalde, a trav\u00e9s de un tuit, asegur\u00f3 que esta solicitud es para vigilar que la Suprema Corte cumpla con el art\u00edculo 127 de la Constituci\u00f3n.<br><\/p>\n\n\n\n<p>La Constituci\u00f3n Pol\u00edtica de los Estados Unidos Mexicanos establece en el art\u00edculo 127, fracci\u00f3n segunda, que \u201cning\u00fan servidor p\u00fablico podr\u00e1 recibir remuneraci\u00f3n (\u2026) por el desempe\u00f1o de su funci\u00f3n, empleo, cargo o comisi\u00f3n, mayor a la establecida para el presidente de la Rep\u00fablica en el presupuesto correspondiente\u201d.<br><\/p>\n\n\n\n<p>En su declaraci\u00f3n anual del presidente, Andr\u00e9s Manuel L\u00f3pez Obrador, se inform\u00f3 que su sueldo entre el 1 de enero y 31 de diciembre del 2022 fue de un mill\u00f3n 697 mil 81 pesos (141 mil 423.91 pesos por mes).<\/p>\n","protected":false},"excerpt":{"rendered":"<p>Esta solicitud es para vigilar que la Suprema Corte cumpla con el art\u00edculo 127 de la Constituci\u00f3n. La secretaria de Gobernaci\u00f3n (Segob), Luisa Mar\u00eda Alcalde Luj\u00e1n, solicit\u00f3 este martes a la ministra presidenta de la Suprema Corte de Justicia de la Naci\u00f3n (SCJN), Norma Pi\u00f1a Hern\u00e1ndez, una justificaci\u00f3n del salario de los integrantes del Poder [&hellip;]<\/p>\n","protected":false},"author":1,"featured_media":29935,"comment_status":"closed","ping_status":"closed","sticky":false,"template":"","format":"standard","meta":{"footnotes":""},"categories":[30,31],"tags":[],"class_list":["post-29934","post","type-post","status-publish","format-standard","has-post-thumbnail","hentry","category-destacado","category-portada"],"_links":{"self":[{"href":"https:\/\/elinformante.mx\/index.php?rest_route=\/wp\/v2\/posts\/29934","targetHints":{"allow":["GET"]}}],"collection":[{"href":"https:\/\/elinformante.mx\/index.php?rest_route=\/wp\/v2\/posts"}],"about":[{"href":"https:\/\/elinformante.mx\/index.php?rest_route=\/wp\/v2\/types\/post"}],"author":[{"embeddable":true,"href":"https:\/\/elinformante.mx\/index.php?rest_route=\/wp\/v2\/users\/1"}],"replies":[{"embeddable":true,"href":"https:\/\/elinformante.mx\/index.php?rest_route=%2Fwp%2Fv2%2Fcomments&post=29934"}],"version-history":[{"count":0,"href":"https:\/\/elinformante.mx\/index.php?rest_route=\/wp\/v2\/posts\/29934\/revisions"}],"wp:featuredmedia":[{"embeddable":true,"href":"https:\/\/elinformante.mx\/index.php?rest_route=\/wp\/v2\/media\/29935"}],"wp:attachment":[{"href":"https:\/\/elinformante.mx\/index.php?rest_route=%2Fwp%2Fv2%2Fmedia&parent=29934"}],"wp:term":[{"taxonomy":"category","embeddable":true,"href":"https:\/\/elinformante.mx\/index.php?rest_route=%2Fwp%2Fv2%2Fcategories&post=29934"},{"taxonomy":"post_tag","embeddable":true,"href":"https:\/\/elinformante.mx\/index.php?rest_route=%2Fwp%2Fv2%2Ftags&post=29934"}],"curies":[{"name":"wp","href":"https:\/\/api.w.org\/{rel}","templated":true}]}}