{"id":29954,"date":"2023-06-28T13:59:28","date_gmt":"2023-06-28T13:59:28","guid":{"rendered":"https:\/\/elinformante.mx\/?p=29954"},"modified":"2023-06-28T13:59:29","modified_gmt":"2023-06-28T13:59:29","slug":"fallecio-ryan-mallett-ex-mariscal-de-campo-de-los-patriots-a-los-35-anos","status":"publish","type":"post","link":"https:\/\/elinformante.mx\/?p=29954","title":{"rendered":"Falleci\u00f3 Ryan Mallett, ex mariscal de campo de los Patriots, a los 35 a\u00f1os"},"content":{"rendered":"\n<blockquote class=\"wp-block-quote is-layout-flow wp-block-quote-is-layout-flow\">\n<p>La prensa de Arkansas reporta que Mallett muri\u00f3 ahogado en Florida.<\/p>\n<\/blockquote>\n\n\n\n<p>Ryan Mallett, quien fuera suplente de Tom Brady en New England Patriots, muri\u00f3 este martes a la edad de 35 a\u00f1os; la NFL, el club en el que jug\u00f3 y la escuela de Arkansas en la que trabajaba confirmaron el deceso.<br><\/p>\n\n\n\n<p>De acuerdo a Deltaplex News de Arkansas, Mallet falleci\u00f3 por ahogamiento, despu\u00e9s de sufrir un incidente en una playa cercana a Destin, Florida. Si bien fue trasladado a un hospital, los esfuerzos resultaron insuficientes, ya que ah\u00ed fue declarado muerto.<br><\/p>\n\n\n\n<p>\u201cLos New England Patriots est\u00e1n profundamente entristecidos al enterarse del repentino e inesperado fallecimiento del ex mariscal de campo Ryan Mallett. Nuestros pensamientos est\u00e1n con la familia Mallett, sus ex compa\u00f1eros de equipo y todos los que est\u00e1n de luto por su p\u00e9rdida\u201d. Mallett fue seleccionado 74 por los Patriots en la tercera ronda del draft de la NFL en 2011 y se se\u00f1ala que fue su mejor quarterback reclutado durante una d\u00e9cada, hasta que eligieron a Jimmy Garoppolo en 2014. Jug\u00f3 siete temporadas en la NFL con los Patriots, Houston Texans y Baltimore Ravens.<br><\/p>\n\n\n\n<p>Tras su retiro en 2017 encontr\u00f3 trabajos como entrenador, siendo su \u00faltima labor en la White Hall High School, instituci\u00f3n a la que lleg\u00f3 en 2022 y que hoy que lament\u00f3 su p\u00e9rdida.<br><\/p>\n\n\n\n<p>\u201cEl entrenador Mallett fue un querido entrenador y educador. Le pedimos que recuerde a su familia, equipo, estudiantes, compa\u00f1eros entrenadores y al personal del distrito escolar de White Hall en sus oraciones\u201d. &#8211;<\/p>\n","protected":false},"excerpt":{"rendered":"<p>La prensa de Arkansas reporta que Mallett muri\u00f3 ahogado en Florida. Ryan Mallett, quien fuera suplente de Tom Brady en New England Patriots, muri\u00f3 este martes a la edad de 35 a\u00f1os; la NFL, el club en el que jug\u00f3 y la escuela de Arkansas en la que trabajaba confirmaron el deceso. De acuerdo a [&hellip;]<\/p>\n","protected":false},"author":1,"featured_media":29955,"comment_status":"closed","ping_status":"closed","sticky":false,"template":"","format":"standard","meta":{"footnotes":""},"categories":[38],"tags":[],"class_list":["post-29954","post","type-post","status-publish","format-standard","has-post-thumbnail","hentry","category-deportes"],"_links":{"self":[{"href":"https:\/\/elinformante.mx\/index.php?rest_route=\/wp\/v2\/posts\/29954","targetHints":{"allow":["GET"]}}],"collection":[{"href":"https:\/\/elinformante.mx\/index.php?rest_route=\/wp\/v2\/posts"}],"about":[{"href":"https:\/\/elinformante.mx\/index.php?rest_route=\/wp\/v2\/types\/post"}],"author":[{"embeddable":true,"href":"https:\/\/elinformante.mx\/index.php?rest_route=\/wp\/v2\/users\/1"}],"replies":[{"embeddable":true,"href":"https:\/\/elinformante.mx\/index.php?rest_route=%2Fwp%2Fv2%2Fcomments&post=29954"}],"version-history":[{"count":0,"href":"https:\/\/elinformante.mx\/index.php?rest_route=\/wp\/v2\/posts\/29954\/revisions"}],"wp:featuredmedia":[{"embeddable":true,"href":"https:\/\/elinformante.mx\/index.php?rest_route=\/wp\/v2\/media\/29955"}],"wp:attachment":[{"href":"https:\/\/elinformante.mx\/index.php?rest_route=%2Fwp%2Fv2%2Fmedia&parent=29954"}],"wp:term":[{"taxonomy":"category","embeddable":true,"href":"https:\/\/elinformante.mx\/index.php?rest_route=%2Fwp%2Fv2%2Fcategories&post=29954"},{"taxonomy":"post_tag","embeddable":true,"href":"https:\/\/elinformante.mx\/index.php?rest_route=%2Fwp%2Fv2%2Ftags&post=29954"}],"curies":[{"name":"wp","href":"https:\/\/api.w.org\/{rel}","templated":true}]}}