{"id":29961,"date":"2023-06-28T14:06:43","date_gmt":"2023-06-28T14:06:43","guid":{"rendered":"https:\/\/elinformante.mx\/?p=29961"},"modified":"2023-06-28T14:06:44","modified_gmt":"2023-06-28T14:06:44","slug":"aprehenden-en-coahuila-y-jalisco-a-dos-individuos-investigados-por-hechos-delictivos-en-el-edomex","status":"publish","type":"post","link":"https:\/\/elinformante.mx\/?p=29961","title":{"rendered":"Aprehenden en Coahuila y Jalisco a dos individuos investigados por hechos delictivos en el Edom\u00e9x"},"content":{"rendered":"\n<blockquote class=\"wp-block-quote is-layout-flow wp-block-quote-is-layout-flow\">\n<p class=\"wp-block-paragraph\">Detenidos por su probable intervenci\u00f3n, uno en homicidio calificado y otro por robo con violencia.<\/p>\n<\/blockquote>\n\n\n\n<p class=\"wp-block-paragraph\">En acciones distintas, Agentes de la Fiscal\u00eda General de Justicia del Estado de M\u00e9xico (FGJEM) detuvieron en los estados de Coahuila y Jalisco a dos sujetos, uno de ellos investigado por su probable intervenci\u00f3n en el delito de homicidio calificado y otro indagado por robo con violencia, il\u00edcitos perpetrados en municipios mexiquenses.<br><\/p>\n\n\n\n<p class=\"wp-block-paragraph\">En ambos casos, la FGJEM solicit\u00f3 la colaboraci\u00f3n de las Fiscal\u00edas de los estados de Coahuila y Jalisco, para incursionar en sus territorios y detener a estos individuos, quienes se manten\u00edan ocultos en esas entidades para evadirse de la acci\u00f3n de la justicia.<br><\/p>\n\n\n\n<p class=\"wp-block-paragraph\">En una de las acciones, elementos de la Unidad de Mandamientos Judiciales de la FGJEM aprehendieron en Coahuila a Pedro \u201cN\u201d, quien el 30 de noviembre de 2012 habr\u00eda participado en el homicidio de un hombre en la colonia Centro del municipio de Chalco.<br><\/p>\n\n\n\n<p class=\"wp-block-paragraph\">De acuerdo con la investigaci\u00f3n, el d\u00eda de los hechos el ahora detenido presuntamente accion\u00f3 un arma de fuego contra la v\u00edctima, ocasion\u00e1ndole la muerte, posteriormente para deshacerse del cuerpo lo habr\u00eda seccionado y colocado en costales, los cuales abandon\u00f3 debajo de un puente peatonal en la municipalidad referida.<br><\/p>\n\n\n\n<p class=\"wp-block-paragraph\">Por otro lado, personal de esta Fiscal\u00eda estatal aprehendi\u00f3 en Jalisco a Mauricio \u201cN\u201d, individuo indagado por un robo con violencia en agravio de un peat\u00f3n, perpetrado en la calle Melchor Ocampo, en la colonia Centro del municipio de Amecameca, el 15 de mayo pasado.<br><\/p>\n\n\n\n<p class=\"wp-block-paragraph\">Tras ser detenidos, fueron puestos a disposici\u00f3n de la Autoridad Judicial en el Centro Penitenciario y de Reinserci\u00f3n Social de Chalco, quien determinar\u00e1 su situaci\u00f3n legal, sin embargo, deben ser considerados inocentes hasta que sea dictada una sentencia condenatoria en su contra.<\/p>\n","protected":false},"excerpt":{"rendered":"<p>Detenidos por su probable intervenci\u00f3n, uno en homicidio calificado y otro por robo con violencia. En acciones distintas, Agentes de la Fiscal\u00eda General de Justicia del Estado de M\u00e9xico (FGJEM) detuvieron en los estados de Coahuila y Jalisco a dos sujetos, uno de ellos investigado por su probable intervenci\u00f3n en el delito de homicidio calificado [&hellip;]<\/p>\n","protected":false},"author":1,"featured_media":29962,"comment_status":"closed","ping_status":"closed","sticky":false,"template":"","format":"standard","meta":{"footnotes":""},"categories":[36,37],"tags":[],"class_list":["post-29961","post","type-post","status-publish","format-standard","has-post-thumbnail","hentry","category-edomex","category-justicia"],"_links":{"self":[{"href":"https:\/\/elinformante.mx\/index.php?rest_route=\/wp\/v2\/posts\/29961","targetHints":{"allow":["GET"]}}],"collection":[{"href":"https:\/\/elinformante.mx\/index.php?rest_route=\/wp\/v2\/posts"}],"about":[{"href":"https:\/\/elinformante.mx\/index.php?rest_route=\/wp\/v2\/types\/post"}],"author":[{"embeddable":true,"href":"https:\/\/elinformante.mx\/index.php?rest_route=\/wp\/v2\/users\/1"}],"replies":[{"embeddable":true,"href":"https:\/\/elinformante.mx\/index.php?rest_route=%2Fwp%2Fv2%2Fcomments&post=29961"}],"version-history":[{"count":0,"href":"https:\/\/elinformante.mx\/index.php?rest_route=\/wp\/v2\/posts\/29961\/revisions"}],"wp:featuredmedia":[{"embeddable":true,"href":"https:\/\/elinformante.mx\/index.php?rest_route=\/wp\/v2\/media\/29962"}],"wp:attachment":[{"href":"https:\/\/elinformante.mx\/index.php?rest_route=%2Fwp%2Fv2%2Fmedia&parent=29961"}],"wp:term":[{"taxonomy":"category","embeddable":true,"href":"https:\/\/elinformante.mx\/index.php?rest_route=%2Fwp%2Fv2%2Fcategories&post=29961"},{"taxonomy":"post_tag","embeddable":true,"href":"https:\/\/elinformante.mx\/index.php?rest_route=%2Fwp%2Fv2%2Ftags&post=29961"}],"curies":[{"name":"wp","href":"https:\/\/api.w.org\/{rel}","templated":true}]}}