{"id":29979,"date":"2023-06-28T14:18:41","date_gmt":"2023-06-28T14:18:41","guid":{"rendered":"https:\/\/elinformante.mx\/?p=29979"},"modified":"2023-06-28T14:18:42","modified_gmt":"2023-06-28T14:18:42","slug":"fortalece-uaemex-infraestructura-en-beneficio-del-alumnado-de-prepa-10","status":"publish","type":"post","link":"https:\/\/elinformante.mx\/?p=29979","title":{"rendered":"Fortalece UAEM\u00e9x infraestructura en beneficio del alumnado de Prepa 10"},"content":{"rendered":"\n<blockquote class=\"wp-block-quote is-layout-flow wp-block-quote-is-layout-flow\">\n<p>El Plantel \u201cMtro. Jos\u00e9 Ignacio Pichardo Pagaza\u201d de la Escuela Preparatoria de la instituci\u00f3n, ubicado en el municipio de Almoloya de Alquisiras, cuenta con una techumbre que cubre una superficie de 544 metros cuadrados.<\/p>\n<\/blockquote>\n\n\n\n<p>El rector de la Universidad Aut\u00f3noma del Estado de M\u00e9xico (UAEM\u00e9x), Carlos Eduardo Barrera D\u00edaz, y el presidente municipal de Almoloya de Alquisiras, Leopoldo Dom\u00ednguez Flores, entregaron la techumbre del Plantel \u201cMtro. Jos\u00e9 Ignacio Pichardo Pagaza\u201d de la Escuela Preparatoria de la instituci\u00f3n, en beneficio de una comunidad de 300 estudiantes, acad\u00e9micos y trabajadores administrativos.<br><\/p>\n\n\n\n<p>Adem\u00e1s, el rector entreg\u00f3 al edil el Reconocimiento al Fortalecimiento Universitario \u201cLuis Mario Schneider\u201d, que tiene por objeto destacar a las personas que, sin haber ocupado alg\u00fan cargo en la instituci\u00f3n, se han distinguido por realizar actos o aportaciones que contribuyen al fortalecimiento de un espacio acad\u00e9mico de la UAEM\u00e9x.<br><\/p>\n\n\n\n<p>Ante los directores de los espacios de nivel medio y superior de la instituci\u00f3n en toda la entidad e integrantes del cuerpo edilicio de este municipio, Barrera D\u00edaz reconoci\u00f3 la aportaci\u00f3n institucional de Dom\u00ednguez Flores, \u201cuna persona comprometida con los j\u00f3venes mexiquenses, quien ha aportado infraestructura al Plantel y contribuye al bienestar y desarrollo de nuestros estudiantes\u201d.<br><\/p>\n\n\n\n<p>Reconoci\u00f3 el esfuerzo del presidente para conocer las necesidades de la poblaci\u00f3n de este municipio del Estado de M\u00e9xico y el acertado aporte a la Aut\u00f3noma mexiquense, mediante la construcci\u00f3n de la techumbre, que cubre una superficie de 544 metros cuadrados, y la entrega de porter\u00edas de f\u00fatbol y tableros de b\u00e1squetbol.<br><\/p>\n\n\n\n<figure class=\"wp-block-image size-large\"><img fetchpriority=\"high\" decoding=\"async\" width=\"1024\" height=\"503\" src=\"https:\/\/elinformante.mx\/wp-content\/uploads\/2023\/06\/FORTALECE-4-1024x503.jpg\" alt=\"\" class=\"wp-image-29981\" srcset=\"https:\/\/elinformante.mx\/wp-content\/uploads\/2023\/06\/FORTALECE-4-1024x503.jpg 1024w, https:\/\/elinformante.mx\/wp-content\/uploads\/2023\/06\/FORTALECE-4-300x147.jpg 300w, https:\/\/elinformante.mx\/wp-content\/uploads\/2023\/06\/FORTALECE-4-768x377.jpg 768w, https:\/\/elinformante.mx\/wp-content\/uploads\/2023\/06\/FORTALECE-4-580x285.jpg 580w, https:\/\/elinformante.mx\/wp-content\/uploads\/2023\/06\/FORTALECE-4-860x422.jpg 860w, https:\/\/elinformante.mx\/wp-content\/uploads\/2023\/06\/FORTALECE-4.jpg 1140w\" sizes=\"(max-width: 1024px) 100vw, 1024px\" \/><\/figure>\n\n\n\n<p>Con acciones como \u00e9sta, dijo Carlos Eduardo Barrera D\u00edaz, demuestra su vocaci\u00f3n social y compromiso con las juventudes y la comunidad universitaria.<br><\/p>\n\n\n\n<p>En su oportunidad, acompa\u00f1ado de la presidenta del DIF de Almoloya de Alquisiras, Brenda Ang\u00e9lica Rivera Abarca, Dom\u00ednguez Flores agradeci\u00f3 la entrega de este reconocimiento y refrend\u00f3 su compromiso para estar atento de las necesidades de las juventudes y en particular, de la comunidad universitaria.<br><\/p>\n\n\n\n<p>La encargada del despacho de la direcci\u00f3n del Plantel \u201cMtro. Jos\u00e9 Ignacio Pichardo Pagaza\u201d de la Escuela Preparatoria de la UAEM\u00e9x, Ana Vianey Su\u00e1rez Castro, agradeci\u00f3 la entrega de este espacio largamente anhelado por la comunidad universitaria de este municipio y destac\u00f3 el compromiso que con la educaci\u00f3n y las familias de la regi\u00f3n demuestra el presidente municipal.<br><\/p>\n\n\n\n<p>Gracias, dijo, por comprender la importancia de las actividades educativas, culturales y deportivas del Plantel y destac\u00f3 que la techumbre ya se aprovecha para llevar a cabo ferias, exposiciones, cursos, actividades l\u00fadicas, deportivas y culturales.<\/p>\n","protected":false},"excerpt":{"rendered":"<p>El Plantel \u201cMtro. Jos\u00e9 Ignacio Pichardo Pagaza\u201d de la Escuela Preparatoria de la instituci\u00f3n, ubicado en el municipio de Almoloya de Alquisiras, cuenta con una techumbre que cubre una superficie de 544 metros cuadrados. El rector de la Universidad Aut\u00f3noma del Estado de M\u00e9xico (UAEM\u00e9x), Carlos Eduardo Barrera D\u00edaz, y el presidente municipal de Almoloya [&hellip;]<\/p>\n","protected":false},"author":1,"featured_media":29980,"comment_status":"closed","ping_status":"closed","sticky":false,"template":"","format":"standard","meta":{"footnotes":""},"categories":[30,36],"tags":[],"class_list":["post-29979","post","type-post","status-publish","format-standard","has-post-thumbnail","hentry","category-destacado","category-edomex"],"_links":{"self":[{"href":"https:\/\/elinformante.mx\/index.php?rest_route=\/wp\/v2\/posts\/29979","targetHints":{"allow":["GET"]}}],"collection":[{"href":"https:\/\/elinformante.mx\/index.php?rest_route=\/wp\/v2\/posts"}],"about":[{"href":"https:\/\/elinformante.mx\/index.php?rest_route=\/wp\/v2\/types\/post"}],"author":[{"embeddable":true,"href":"https:\/\/elinformante.mx\/index.php?rest_route=\/wp\/v2\/users\/1"}],"replies":[{"embeddable":true,"href":"https:\/\/elinformante.mx\/index.php?rest_route=%2Fwp%2Fv2%2Fcomments&post=29979"}],"version-history":[{"count":0,"href":"https:\/\/elinformante.mx\/index.php?rest_route=\/wp\/v2\/posts\/29979\/revisions"}],"wp:featuredmedia":[{"embeddable":true,"href":"https:\/\/elinformante.mx\/index.php?rest_route=\/wp\/v2\/media\/29980"}],"wp:attachment":[{"href":"https:\/\/elinformante.mx\/index.php?rest_route=%2Fwp%2Fv2%2Fmedia&parent=29979"}],"wp:term":[{"taxonomy":"category","embeddable":true,"href":"https:\/\/elinformante.mx\/index.php?rest_route=%2Fwp%2Fv2%2Fcategories&post=29979"},{"taxonomy":"post_tag","embeddable":true,"href":"https:\/\/elinformante.mx\/index.php?rest_route=%2Fwp%2Fv2%2Ftags&post=29979"}],"curies":[{"name":"wp","href":"https:\/\/api.w.org\/{rel}","templated":true}]}}