{"id":29988,"date":"2023-06-28T14:32:21","date_gmt":"2023-06-28T14:32:21","guid":{"rendered":"https:\/\/elinformante.mx\/?p=29988"},"modified":"2023-06-28T14:32:22","modified_gmt":"2023-06-28T14:32:22","slug":"cumple-metepec-con-transparencia-en-su-gobierno-fernando-flores","status":"publish","type":"post","link":"https:\/\/elinformante.mx\/?p=29988","title":{"rendered":"Cumple Metepec con transparencia en su gobierno: Fernando Flores"},"content":{"rendered":"\n<blockquote class=\"wp-block-quote is-layout-flow wp-block-quote-is-layout-flow\">\n<p>\u201cSomos una administraci\u00f3n transparente, que garantiza el acceso a la informaci\u00f3n a todos los ciudadanos e interesados\u201d.<\/p>\n<\/blockquote>\n\n\n\n<p>Metepec cumpli\u00f3 con el 100 por ciento de las obligaciones de transparencia, as\u00ed lo inform\u00f3 el presidente municipal Fernando Flores Fern\u00e1ndez a trav\u00e9s de un video publicado en su p\u00e1gina de Facebook oficial.<br><\/p>\n\n\n\n<p>De acuerdo con el alcalde, el Instituto de Transparencia y Acceso a la Informaci\u00f3n P\u00fablica del Estado de M\u00e9xico (Infoem) determin\u00f3 que la demarcaci\u00f3n cumpli\u00f3 el total de sus deberes en esta materia.<br><\/p>\n\n\n\n<p>\u201cEsto garantiza que somos una administraci\u00f3n transparente, que garantiza el acceso a la informaci\u00f3n a todos los ciudadanos e interesados\u201d, dijo Flores Fern\u00e1ndez.<br><\/p>\n\n\n\n<p>El alcalde asegur\u00f3 que es la primera vez que el municipio obtiene este porcentaje del Imevis. \u201cCreemos que dotar de esta informaci\u00f3n a la sociedad, es una obligaci\u00f3n permanente de gobierno\u201d.<br><\/p>\n\n\n\n<p>Agreg\u00f3 que con estas acciones el gobierno refrenda su cercan\u00eda, compromiso y honestidad con los \u201cciudadanos gobernando\u201d.<\/p>\n","protected":false},"excerpt":{"rendered":"<p>\u201cSomos una administraci\u00f3n transparente, que garantiza el acceso a la informaci\u00f3n a todos los ciudadanos e interesados\u201d. Metepec cumpli\u00f3 con el 100 por ciento de las obligaciones de transparencia, as\u00ed lo inform\u00f3 el presidente municipal Fernando Flores Fern\u00e1ndez a trav\u00e9s de un video publicado en su p\u00e1gina de Facebook oficial. De acuerdo con el alcalde, [&hellip;]<\/p>\n","protected":false},"author":1,"featured_media":29989,"comment_status":"closed","ping_status":"closed","sticky":false,"template":"","format":"standard","meta":{"footnotes":""},"categories":[30,36],"tags":[],"class_list":["post-29988","post","type-post","status-publish","format-standard","has-post-thumbnail","hentry","category-destacado","category-edomex"],"_links":{"self":[{"href":"https:\/\/elinformante.mx\/index.php?rest_route=\/wp\/v2\/posts\/29988","targetHints":{"allow":["GET"]}}],"collection":[{"href":"https:\/\/elinformante.mx\/index.php?rest_route=\/wp\/v2\/posts"}],"about":[{"href":"https:\/\/elinformante.mx\/index.php?rest_route=\/wp\/v2\/types\/post"}],"author":[{"embeddable":true,"href":"https:\/\/elinformante.mx\/index.php?rest_route=\/wp\/v2\/users\/1"}],"replies":[{"embeddable":true,"href":"https:\/\/elinformante.mx\/index.php?rest_route=%2Fwp%2Fv2%2Fcomments&post=29988"}],"version-history":[{"count":0,"href":"https:\/\/elinformante.mx\/index.php?rest_route=\/wp\/v2\/posts\/29988\/revisions"}],"wp:featuredmedia":[{"embeddable":true,"href":"https:\/\/elinformante.mx\/index.php?rest_route=\/wp\/v2\/media\/29989"}],"wp:attachment":[{"href":"https:\/\/elinformante.mx\/index.php?rest_route=%2Fwp%2Fv2%2Fmedia&parent=29988"}],"wp:term":[{"taxonomy":"category","embeddable":true,"href":"https:\/\/elinformante.mx\/index.php?rest_route=%2Fwp%2Fv2%2Fcategories&post=29988"},{"taxonomy":"post_tag","embeddable":true,"href":"https:\/\/elinformante.mx\/index.php?rest_route=%2Fwp%2Fv2%2Ftags&post=29988"}],"curies":[{"name":"wp","href":"https:\/\/api.w.org\/{rel}","templated":true}]}}