{"id":29991,"date":"2023-06-28T14:34:14","date_gmt":"2023-06-28T14:34:14","guid":{"rendered":"https:\/\/elinformante.mx\/?p=29991"},"modified":"2023-06-28T14:34:15","modified_gmt":"2023-06-28T14:34:15","slug":"legisladores-buscan-garantizar-desarrollo-de-menores-que-estan-en-los-penales","status":"publish","type":"post","link":"https:\/\/elinformante.mx\/?p=29991","title":{"rendered":"Legisladores buscan garantizar desarrollo de menores que est\u00e1n en los penales"},"content":{"rendered":"\n<blockquote class=\"wp-block-quote is-layout-flow wp-block-quote-is-layout-flow\">\n<p class=\"wp-block-paragraph\">Se asegura que viven 60 menores expuestos a violencia y abuso en c\u00e1rceles del Estado de M\u00e9xico.<\/p>\n<\/blockquote>\n\n\n\n<p class=\"wp-block-paragraph\">Los diputados mexiquenses analizan visibilizar y reconocer la vulnerabilidad de ni\u00f1as y ni\u00f1os que viven en penales del Estado de M\u00e9xico.<br><\/p>\n\n\n\n<p class=\"wp-block-paragraph\">Para dar solidez a la iniciativa presentada por Morena, los legisladores se reunir\u00e1n con autoridades estatales antes de proceder a su aprobaci\u00f3n.<br><\/p>\n\n\n\n<p class=\"wp-block-paragraph\">Al respecto, la legisladora morenista Karina Labastida record\u00f3 que para este a\u00f1o se destinaron 17 mil 800 millones para el fortalecimiento y mejora del sistema penitenciario, espec\u00edficamente para incrementar la infraestructura y mejorar las condiciones de seguridad, adem\u00e1s de implementar mecanismos para la reinserci\u00f3n social y proteger los derechos humanos de los grupos vulnerables.<br><\/p>\n\n\n\n<p class=\"wp-block-paragraph\">Dijo que es necesario priorizar pol\u00edticas incluyentes, autoridades deben salvaguardar sus derechos humanos de los ni\u00f1os durante su estancia en los penales para que no est\u00e9n expuestos a la violencia y abusos.<br><\/p>\n\n\n\n<p class=\"wp-block-paragraph\">Adem\u00e1s, agreg\u00f3 que la realidad de las mujeres privadas de su libertad en penales de la entidad y sus hijas e hijos est\u00e1 muy alejada de lo que mandata la Ley Nacional de Ejecuci\u00f3n Penal.<br><\/p>\n\n\n\n<figure class=\"wp-block-image size-large\"><img fetchpriority=\"high\" decoding=\"async\" width=\"1024\" height=\"503\" src=\"https:\/\/elinformante.mx\/wp-content\/uploads\/2023\/06\/LEGISLADORES-1024x503.jpg\" alt=\"\" class=\"wp-image-29993\" srcset=\"https:\/\/elinformante.mx\/wp-content\/uploads\/2023\/06\/LEGISLADORES-1024x503.jpg 1024w, https:\/\/elinformante.mx\/wp-content\/uploads\/2023\/06\/LEGISLADORES-300x147.jpg 300w, https:\/\/elinformante.mx\/wp-content\/uploads\/2023\/06\/LEGISLADORES-768x377.jpg 768w, https:\/\/elinformante.mx\/wp-content\/uploads\/2023\/06\/LEGISLADORES-580x285.jpg 580w, https:\/\/elinformante.mx\/wp-content\/uploads\/2023\/06\/LEGISLADORES-860x422.jpg 860w, https:\/\/elinformante.mx\/wp-content\/uploads\/2023\/06\/LEGISLADORES.jpg 1140w\" sizes=\"(max-width: 1024px) 100vw, 1024px\" \/><\/figure>\n\n\n\n<p class=\"wp-block-paragraph\">Es por ello por lo que consider\u00f3 la necesidad de reformar la Ley de los Derechos de las Ni\u00f1as, Ni\u00f1os y adolescentes del Estado de M\u00e9xico, con la finalidad de reconocer la situaci\u00f3n especial en que se encuentran las ni\u00f1as y ni\u00f1os que viven con sus madres o padres en prisi\u00f3n y priorizar pol\u00edticas incluyentes.<br><\/p>\n\n\n\n<p class=\"wp-block-paragraph\">Indic\u00f3 que de acuerdo al Censo Nacional de Sistema Penitenciario Federal y Estatales 2021, de los menores de seis a\u00f1os que permanecieron con sus madres privadas de la libertad en los centros penitenciarios federales y estatales, la mayor\u00eda se concentraron en el Estado de M\u00e9xico con 63 ni\u00f1as y ni\u00f1os y tambi\u00e9n se concentra el mayor n\u00famero de PPL en la entidad, por ello la obligaci\u00f3n del estado de implementar protocolos y perfiles id\u00f3neos que garanticen personal calificado que tenga contacto con este sector durante su estancia en el centro y en el seguimiento de su vida fuera de prisi\u00f3n, as\u00ed como el dise\u00f1o y ejecuci\u00f3n de las pol\u00edticas p\u00fablicas necesarias para la protecci\u00f3n de sus derechos.<br><\/p>\n\n\n\n<p class=\"wp-block-paragraph\">\u201cLa finalidad es que los ni\u00f1os tengan ese libre desarrollo al interior de los penales, pues incluso muchos sirven de mulitas, as\u00ed nos lo han hecho saber\u201d.<br><\/p>\n\n\n\n<p class=\"wp-block-paragraph\">Indic\u00f3 que la autoridad penitenciaria debe garantizar que haya espacios adecuados para el desarrollo integral y el sano esparcimiento, por lo que todos los centros penitenciarios deben contar con ludotecas.<br><\/p>\n\n\n\n<p class=\"wp-block-paragraph\">La diputada Ingrid Krasopani, del PAN, record\u00f3 que para este a\u00f1o se destinaron 5 millones de pesos espec\u00edficamente para el cuidado de los ni\u00f1os, adem\u00e1s de 400 mil pesos para acondicionamiento de espacios de mujeres embarazadas.<\/p>\n","protected":false},"excerpt":{"rendered":"<p>Se asegura que viven 60 menores expuestos a violencia y abuso en c\u00e1rceles del Estado de M\u00e9xico. Los diputados mexiquenses analizan visibilizar y reconocer la vulnerabilidad de ni\u00f1as y ni\u00f1os que viven en penales del Estado de M\u00e9xico. Para dar solidez a la iniciativa presentada por Morena, los legisladores se reunir\u00e1n con autoridades estatales antes [&hellip;]<\/p>\n","protected":false},"author":1,"featured_media":29992,"comment_status":"closed","ping_status":"closed","sticky":false,"template":"","format":"standard","meta":{"footnotes":""},"categories":[30,36],"tags":[],"class_list":["post-29991","post","type-post","status-publish","format-standard","has-post-thumbnail","hentry","category-destacado","category-edomex"],"_links":{"self":[{"href":"https:\/\/elinformante.mx\/index.php?rest_route=\/wp\/v2\/posts\/29991","targetHints":{"allow":["GET"]}}],"collection":[{"href":"https:\/\/elinformante.mx\/index.php?rest_route=\/wp\/v2\/posts"}],"about":[{"href":"https:\/\/elinformante.mx\/index.php?rest_route=\/wp\/v2\/types\/post"}],"author":[{"embeddable":true,"href":"https:\/\/elinformante.mx\/index.php?rest_route=\/wp\/v2\/users\/1"}],"replies":[{"embeddable":true,"href":"https:\/\/elinformante.mx\/index.php?rest_route=%2Fwp%2Fv2%2Fcomments&post=29991"}],"version-history":[{"count":0,"href":"https:\/\/elinformante.mx\/index.php?rest_route=\/wp\/v2\/posts\/29991\/revisions"}],"wp:featuredmedia":[{"embeddable":true,"href":"https:\/\/elinformante.mx\/index.php?rest_route=\/wp\/v2\/media\/29992"}],"wp:attachment":[{"href":"https:\/\/elinformante.mx\/index.php?rest_route=%2Fwp%2Fv2%2Fmedia&parent=29991"}],"wp:term":[{"taxonomy":"category","embeddable":true,"href":"https:\/\/elinformante.mx\/index.php?rest_route=%2Fwp%2Fv2%2Fcategories&post=29991"},{"taxonomy":"post_tag","embeddable":true,"href":"https:\/\/elinformante.mx\/index.php?rest_route=%2Fwp%2Fv2%2Ftags&post=29991"}],"curies":[{"name":"wp","href":"https:\/\/api.w.org\/{rel}","templated":true}]}}