{"id":29999,"date":"2023-06-28T14:45:57","date_gmt":"2023-06-28T14:45:57","guid":{"rendered":"https:\/\/elinformante.mx\/?p=29999"},"modified":"2023-06-28T14:45:58","modified_gmt":"2023-06-28T14:45:58","slug":"impulsa-gem-derechos-politicos-electorales-de-las-mexiquenses","status":"publish","type":"post","link":"https:\/\/elinformante.mx\/?p=29999","title":{"rendered":"Impulsa GEM Derechos Pol\u00edticos Electorales de las mexiquenses"},"content":{"rendered":"\n<blockquote class=\"wp-block-quote is-layout-flow wp-block-quote-is-layout-flow\">\n<p>Invitan a presentaci\u00f3n de libro \u201cParticipaci\u00f3n Pol\u00edtico Electoral de las Mujeres en M\u00e9xico Elecciones 2021\u201d.<\/p>\n<\/blockquote>\n\n\n\n<p>Para fomentar la democracia, el reconocimiento y respeto de los derechos pol\u00edticos de las mexiquenses, lo cual es un compromiso del Gobernador Alfredo Del Mazo Maza, la Secretar\u00eda de las Mujeres (Semujeres) y el Observatorio de Participaci\u00f3n Pol\u00edtica de las Mujeres en el Estado de M\u00e9xico (OPPMEM), invitan a la poblaci\u00f3n a la presentaci\u00f3n del libro \u201cParticipaci\u00f3n Pol\u00edtico Electoral de las Mujeres en M\u00e9xico Elecciones 2021\u201d.<br><\/p>\n\n\n\n<p>Como lo ha referido la titular de la Semujeres, Denisse Ugalde Alegr\u00eda, es importante que las mujeres sean reconocidas en el \u00e1mbito pol\u00edtico y en las diferentes esferas de la sociedad e impulsar para ellas acciones y programas que promuevan que ni\u00f1as, adolescentes y mujeres mexiquenses vivan en ambientes libres de violencia, adem\u00e1s de garantizar sus derechos.<br><\/p>\n\n\n\n<p>En el marco del 3 de julio de 1955, d\u00eda en que las mujeres mexicanas sufragaron por primera vez en una elecci\u00f3n federal, este libro representa el resultado del esfuerzo conjunto realizado por un grupo interdisciplinario del Instituto Belisario Dom\u00ednguez, que brinda a las y los lectores un panorama general de los diferentes resultados que arrojaron las elecciones en 2021, con la puesta en marcha y aplicaci\u00f3n de las importantes reformas de paridad y de violencia pol\u00edtica contra las mujeres en raz\u00f3n de g\u00e9nero.<br><\/p>\n\n\n\n<p>La presentaci\u00f3n de esta obra se realizar\u00e1 el pr\u00f3ximo lunes 3 de julio del presente a\u00f1o a las 16:30 horas, en el Sal\u00f3n de usos m\u00faltiples de Ciudad Mujeres San Mateo Atenco, ubicada en calle Miguel Hidalgo y Ni\u00f1o Perdido, barrio de Santa Mar\u00eda la Asunci\u00f3n, San Mateo Atenco, Estado de M\u00e9xico.<br><\/p>\n\n\n\n<p>La asistencia se deber\u00e1 registrar en forms.gle\/vCQ3Nj1qiF5BJgWp8 y el libro se puede descargar en bit.ly\/3qNSkXz.<br><\/p>\n\n\n\n<p>Para m\u00e1s informaci\u00f3n, las y los interesados pueden comunicarse al 722-934-2700, extensi\u00f3n 2731 y al correo electr\u00f3nico observatorio.semujeres@edomex.gob.mx.<\/p>\n","protected":false},"excerpt":{"rendered":"<p>Invitan a presentaci\u00f3n de libro \u201cParticipaci\u00f3n Pol\u00edtico Electoral de las Mujeres en M\u00e9xico Elecciones 2021\u201d. Para fomentar la democracia, el reconocimiento y respeto de los derechos pol\u00edticos de las mexiquenses, lo cual es un compromiso del Gobernador Alfredo Del Mazo Maza, la Secretar\u00eda de las Mujeres (Semujeres) y el Observatorio de Participaci\u00f3n Pol\u00edtica de las [&hellip;]<\/p>\n","protected":false},"author":1,"featured_media":30000,"comment_status":"closed","ping_status":"closed","sticky":false,"template":"","format":"standard","meta":{"footnotes":""},"categories":[36],"tags":[],"class_list":["post-29999","post","type-post","status-publish","format-standard","has-post-thumbnail","hentry","category-edomex"],"_links":{"self":[{"href":"https:\/\/elinformante.mx\/index.php?rest_route=\/wp\/v2\/posts\/29999","targetHints":{"allow":["GET"]}}],"collection":[{"href":"https:\/\/elinformante.mx\/index.php?rest_route=\/wp\/v2\/posts"}],"about":[{"href":"https:\/\/elinformante.mx\/index.php?rest_route=\/wp\/v2\/types\/post"}],"author":[{"embeddable":true,"href":"https:\/\/elinformante.mx\/index.php?rest_route=\/wp\/v2\/users\/1"}],"replies":[{"embeddable":true,"href":"https:\/\/elinformante.mx\/index.php?rest_route=%2Fwp%2Fv2%2Fcomments&post=29999"}],"version-history":[{"count":0,"href":"https:\/\/elinformante.mx\/index.php?rest_route=\/wp\/v2\/posts\/29999\/revisions"}],"wp:featuredmedia":[{"embeddable":true,"href":"https:\/\/elinformante.mx\/index.php?rest_route=\/wp\/v2\/media\/30000"}],"wp:attachment":[{"href":"https:\/\/elinformante.mx\/index.php?rest_route=%2Fwp%2Fv2%2Fmedia&parent=29999"}],"wp:term":[{"taxonomy":"category","embeddable":true,"href":"https:\/\/elinformante.mx\/index.php?rest_route=%2Fwp%2Fv2%2Fcategories&post=29999"},{"taxonomy":"post_tag","embeddable":true,"href":"https:\/\/elinformante.mx\/index.php?rest_route=%2Fwp%2Fv2%2Ftags&post=29999"}],"curies":[{"name":"wp","href":"https:\/\/api.w.org\/{rel}","templated":true}]}}