{"id":30020,"date":"2023-06-28T15:08:00","date_gmt":"2023-06-28T15:08:00","guid":{"rendered":"https:\/\/elinformante.mx\/?p=30020"},"modified":"2023-06-28T15:08:00","modified_gmt":"2023-06-28T15:08:00","slug":"consejo-electoral-ciudadano-se-disuelve-organizarian-eleccion-primaria-del-frente-amplio-por-mexico","status":"publish","type":"post","link":"https:\/\/elinformante.mx\/?p=30020","title":{"rendered":"Consejo Electoral Ciudadano se disuelve; organizar\u00edan elecci\u00f3n primaria del Frente Amplio por M\u00e9xico"},"content":{"rendered":"\n<blockquote class=\"wp-block-quote is-layout-flow wp-block-quote-is-layout-flow\">\n<p>Argumentaron que el esquema bajo el cual se llevar\u00e1 el proceso de consulta ha cambiado respecto de lo originalmente planteado.<\/p>\n<\/blockquote>\n\n\n\n<p>Los integrantes originales del Consejo Electoral Ciudadano 2023, que originalmente iba a organizar las primarias del Frente Amplio por M\u00e9xico, dieron a conocer que tomaron la decisi\u00f3n de disolverse. Lo anterior ocurre despu\u00e9s de que Va por M\u00e9xico hizo oficial el m\u00e9todo de elecci\u00f3n del candidato presidencial rumbo a las elecciones de 2024.<br><\/p>\n\n\n\n<p>\u201cEn su momento aceptamos participar, a t\u00edtulo personal y de forma honoraria, bajo la convicci\u00f3n de privilegiar la pluralidad de visiones, el di\u00e1logo y, en todo momento, actuar de forma aut\u00f3noma e independiente. El esquema bajo el cual se llevar\u00e1 el proceso de consulta ha cambiado respecto de lo originalmente planteado, por lo que el grupo original tom\u00f3 la decisi\u00f3n de disolverse\u201d, explica.<br><\/p>\n\n\n\n<p>A trav\u00e9s de un comunicado dieron a conocer la decisi\u00f3n, misma que estuvo respaldada y firmada por las siguientes personas:<br><\/p>\n\n\n\n<ul class=\"wp-block-list\">\n<li>Leonardo Vald\u00e9s Zurita<\/li>\n\n\n\n<li>Mariclaire Acosta Urquidi<\/li>\n\n\n\n<li>Sergio Aguayo Quezada<\/li>\n\n\n\n<li>Mar\u00eda del Carmen Alan\u00eds Figueroa<\/li>\n\n\n\n<li>Marco Antonio Ba\u00f1os Mart\u00ednez<\/li>\n\n\n\n<li>Teresa Gonz\u00e1lez Luna<\/li>\n\n\n\n<li>Rosa Mar\u00eda Mir\u00f3n Lince<\/li>\n\n\n\n<li>Rodrigo Morales Manzanares<\/li>\n\n\n\n<li>Mar\u00eda Elena Morera Mitre<\/li>\n\n\n\n<li>Arturo S\u00e1nchez Guti\u00e9rrez<\/li>\n\n\n\n<li>Guillermo Sheridan Prieto<\/li>\n<\/ul>\n\n\n\n<p>En el comunicado destacaron que la democracia requiere de la permanente participaci\u00f3n ciudadana para el fortalecimiento de sus instituciones, especialmente en momentos de polarizaci\u00f3n y divisi\u00f3n.<br><\/p>\n\n\n\n<p>\u201cSolo con la construcci\u00f3n de consensos y el respeto al disenso es que las elecciones de 2024 tendr\u00e1n el car\u00e1cter democr\u00e1tico y ciudadano que buscamos\u201d, a\u00f1adieron.<br><\/p>\n\n\n\n<p>Explicaron que en las \u00faltimas semanas recibimos la invitaci\u00f3n para formar parte de un proceso ciudadano novedoso, el cual consist\u00eda en organizar una consulta nacional a fin de conocer la preferencia ciudadana respecto de un liderazgo de cara al proceso electoral de 2024, adem\u00e1s buscaban reunir a un grupo de personas con conocimientos en la materia electoral, as\u00ed como liderazgos reconocidos dentro de la sociedad civil.<br><\/p>\n\n\n\n<p>\u201cAgradecemos la invitaci\u00f3n, hoy sabemos que la coyuntura pol\u00edtica y la construcci\u00f3n de acuerdos a efecto de privilegiar la unidad de cara a las elecciones de 2024 son prioritarios. Este escenario nos ha llevado a cada uno y cada una de nosotras a tomar una decisi\u00f3n distinta y personal respecto a la posibilidad de participar en el ejercicio propuesto por los partidos pol\u00edticos integrantes de Va Por M\u00e9xico y las organizaciones de la sociedad civil que las acompa\u00f1a. En su momento, cada quien daremos a conocer nuestra decisi\u00f3n\u201d, se\u00f1alaron.<br><\/p>\n\n\n\n<p>Uno de los primeros en reaccionar fue Gustavo de Hoyos, empresario y aspirante a la candidatura presidencial de la oposici\u00f3n, quien destac\u00f3 que esto genera mayores dudas en torno al procedimiento electivo anunciado por el Frente Amplio por M\u00e9xico y que por ello sigue valorando lo conducente a su participaci\u00f3n.<\/p>\n","protected":false},"excerpt":{"rendered":"<p>Argumentaron que el esquema bajo el cual se llevar\u00e1 el proceso de consulta ha cambiado respecto de lo originalmente planteado. Los integrantes originales del Consejo Electoral Ciudadano 2023, que originalmente iba a organizar las primarias del Frente Amplio por M\u00e9xico, dieron a conocer que tomaron la decisi\u00f3n de disolverse. Lo anterior ocurre despu\u00e9s de que [&hellip;]<\/p>\n","protected":false},"author":1,"featured_media":30021,"comment_status":"closed","ping_status":"closed","sticky":false,"template":"","format":"standard","meta":{"footnotes":""},"categories":[34],"tags":[],"class_list":["post-30020","post","type-post","status-publish","format-standard","has-post-thumbnail","hentry","category-nacional"],"_links":{"self":[{"href":"https:\/\/elinformante.mx\/index.php?rest_route=\/wp\/v2\/posts\/30020","targetHints":{"allow":["GET"]}}],"collection":[{"href":"https:\/\/elinformante.mx\/index.php?rest_route=\/wp\/v2\/posts"}],"about":[{"href":"https:\/\/elinformante.mx\/index.php?rest_route=\/wp\/v2\/types\/post"}],"author":[{"embeddable":true,"href":"https:\/\/elinformante.mx\/index.php?rest_route=\/wp\/v2\/users\/1"}],"replies":[{"embeddable":true,"href":"https:\/\/elinformante.mx\/index.php?rest_route=%2Fwp%2Fv2%2Fcomments&post=30020"}],"version-history":[{"count":0,"href":"https:\/\/elinformante.mx\/index.php?rest_route=\/wp\/v2\/posts\/30020\/revisions"}],"wp:featuredmedia":[{"embeddable":true,"href":"https:\/\/elinformante.mx\/index.php?rest_route=\/wp\/v2\/media\/30021"}],"wp:attachment":[{"href":"https:\/\/elinformante.mx\/index.php?rest_route=%2Fwp%2Fv2%2Fmedia&parent=30020"}],"wp:term":[{"taxonomy":"category","embeddable":true,"href":"https:\/\/elinformante.mx\/index.php?rest_route=%2Fwp%2Fv2%2Fcategories&post=30020"},{"taxonomy":"post_tag","embeddable":true,"href":"https:\/\/elinformante.mx\/index.php?rest_route=%2Fwp%2Fv2%2Ftags&post=30020"}],"curies":[{"name":"wp","href":"https:\/\/api.w.org\/{rel}","templated":true}]}}