{"id":30023,"date":"2023-06-28T15:08:47","date_gmt":"2023-06-28T15:08:47","guid":{"rendered":"https:\/\/elinformante.mx\/?p=30023"},"modified":"2023-06-28T15:08:48","modified_gmt":"2023-06-28T15:08:48","slug":"lopez-obrador-enviara-escrito-a-la-corte-para-que-informe-por-que-violan-la-constitucion","status":"publish","type":"post","link":"https:\/\/elinformante.mx\/?p=30023","title":{"rendered":"L\u00f3pez Obrador enviar\u00e1 escrito a la Corte para que informe \u201cpor qu\u00e9 violan la Constituci\u00f3n\u201d"},"content":{"rendered":"\n<p>Asegur\u00f3 que su requerimiento ya fue analizado por abogados, quienes ya estudiaron el caso y resolvieron que s\u00ed procede.<br><\/p>\n\n\n\n<p>El presidente de M\u00e9xico, Andr\u00e9s Manuel L\u00f3pez Obrador anunci\u00f3 que este martes 27 de junio, enviar\u00e1 un escrito a la Suprema Corte de Justicia de la Naci\u00f3n (SCJN), para que los ministros informen \u201cpor qu\u00e9 violan la Constituci\u00f3n\u201d.<br><\/p>\n\n\n\n<p>L\u00f3pez Obrador inform\u00f3 que dicho documento lo har\u00e1 llegar a trav\u00e9s de la Secretar\u00eda de Gobernaci\u00f3n (Segob) con el fin de que los encargados de la Corte respondan los motivos por los que violan el art\u00edculo 127 de la Carta Magna, que dice que nadie puede ganar m\u00e1s que el presidente.<br><\/p>\n\n\n\n<figure class=\"wp-block-image size-large\"><img fetchpriority=\"high\" decoding=\"async\" width=\"1024\" height=\"503\" src=\"https:\/\/elinformante.mx\/wp-content\/uploads\/2023\/06\/LOPEZ-4-1024x503.jpg\" alt=\"\" class=\"wp-image-30025\" srcset=\"https:\/\/elinformante.mx\/wp-content\/uploads\/2023\/06\/LOPEZ-4-1024x503.jpg 1024w, https:\/\/elinformante.mx\/wp-content\/uploads\/2023\/06\/LOPEZ-4-300x147.jpg 300w, https:\/\/elinformante.mx\/wp-content\/uploads\/2023\/06\/LOPEZ-4-768x377.jpg 768w, https:\/\/elinformante.mx\/wp-content\/uploads\/2023\/06\/LOPEZ-4-580x285.jpg 580w, https:\/\/elinformante.mx\/wp-content\/uploads\/2023\/06\/LOPEZ-4-860x422.jpg 860w, https:\/\/elinformante.mx\/wp-content\/uploads\/2023\/06\/LOPEZ-4.jpg 1140w\" sizes=\"(max-width: 1024px) 100vw, 1024px\" \/><\/figure>\n\n\n\n<p>\u201cEs interesante, \u00bfno? Porque no voy a estar diciendo que no respetan la austeridad republicana; lo mejor es que ellos mismos expliquen por qu\u00e9 ganan m\u00e1s que el presidente, yo ando en los 140 mil pesos al mes y ellos ganan 600 mil\u201d, detall\u00f3 el tabasque\u00f1o en Palacio Nacional.<br><\/p>\n\n\n\n<p>En este contexto, el mandatario asegur\u00f3 que su requerimiento ya fue analizado por abogados, quienes ya estudiaron el caso y resolvieron que s\u00ed procede. Adem\u00e1s, L\u00f3pez Obrador explic\u00f3 que dicho escrito debe tener respuesta en un periodo de cinco d\u00edas.<br><\/p>\n\n\n\n<p>Por \u00faltimo, el presidente afirm\u00f3 que este martes estar\u00e1 enviando el documento a la SCJN y que esperar\u00e1 paciente la respuesta que tenga al respecto la instituci\u00f3n de justicia, pues asegur\u00f3 es una explicaci\u00f3n que nunca nadie les ha pedido.<\/p>\n","protected":false},"excerpt":{"rendered":"<p>Asegur\u00f3 que su requerimiento ya fue analizado por abogados, quienes ya estudiaron el caso y resolvieron que s\u00ed procede. El presidente de M\u00e9xico, Andr\u00e9s Manuel L\u00f3pez Obrador anunci\u00f3 que este martes 27 de junio, enviar\u00e1 un escrito a la Suprema Corte de Justicia de la Naci\u00f3n (SCJN), para que los ministros informen \u201cpor qu\u00e9 violan [&hellip;]<\/p>\n","protected":false},"author":1,"featured_media":30024,"comment_status":"closed","ping_status":"closed","sticky":false,"template":"","format":"standard","meta":{"footnotes":""},"categories":[34],"tags":[],"class_list":["post-30023","post","type-post","status-publish","format-standard","has-post-thumbnail","hentry","category-nacional"],"_links":{"self":[{"href":"https:\/\/elinformante.mx\/index.php?rest_route=\/wp\/v2\/posts\/30023","targetHints":{"allow":["GET"]}}],"collection":[{"href":"https:\/\/elinformante.mx\/index.php?rest_route=\/wp\/v2\/posts"}],"about":[{"href":"https:\/\/elinformante.mx\/index.php?rest_route=\/wp\/v2\/types\/post"}],"author":[{"embeddable":true,"href":"https:\/\/elinformante.mx\/index.php?rest_route=\/wp\/v2\/users\/1"}],"replies":[{"embeddable":true,"href":"https:\/\/elinformante.mx\/index.php?rest_route=%2Fwp%2Fv2%2Fcomments&post=30023"}],"version-history":[{"count":0,"href":"https:\/\/elinformante.mx\/index.php?rest_route=\/wp\/v2\/posts\/30023\/revisions"}],"wp:featuredmedia":[{"embeddable":true,"href":"https:\/\/elinformante.mx\/index.php?rest_route=\/wp\/v2\/media\/30024"}],"wp:attachment":[{"href":"https:\/\/elinformante.mx\/index.php?rest_route=%2Fwp%2Fv2%2Fmedia&parent=30023"}],"wp:term":[{"taxonomy":"category","embeddable":true,"href":"https:\/\/elinformante.mx\/index.php?rest_route=%2Fwp%2Fv2%2Fcategories&post=30023"},{"taxonomy":"post_tag","embeddable":true,"href":"https:\/\/elinformante.mx\/index.php?rest_route=%2Fwp%2Fv2%2Ftags&post=30023"}],"curies":[{"name":"wp","href":"https:\/\/api.w.org\/{rel}","templated":true}]}}