{"id":30027,"date":"2023-06-28T15:09:54","date_gmt":"2023-06-28T15:09:54","guid":{"rendered":"https:\/\/elinformante.mx\/?p=30027"},"modified":"2023-06-28T15:09:55","modified_gmt":"2023-06-28T15:09:55","slug":"siameses","status":"publish","type":"post","link":"https:\/\/elinformante.mx\/?p=30027","title":{"rendered":"SIAMESES"},"content":{"rendered":"\n<blockquote class=\"wp-block-quote is-layout-flow wp-block-quote-is-layout-flow\">\n<p><strong>Por Helga Kauffman<\/strong><\/p>\n<\/blockquote>\n\n\n\n<p>La oposici\u00f3n present\u00f3 su m\u00e9todo de selecci\u00f3n de quien ser\u00e1 su candidato presidencial bajo el eufemismo de coordinador del Frente Amplio por M\u00e9xico.<br><\/p>\n\n\n\n<p>El m\u00e9todo puede ser perfectible, pero para ser el primer intento serio en involucrar a la sociedad en la elecci\u00f3n primaria de un candidato presidencial, no est\u00e1 mal.<br><\/p>\n\n\n\n<p>Tan no lo est\u00e1, que el senador Germ\u00e1n Mart\u00ednez y el expresidente Felipe Calder\u00f3n fueron los \u00fanicos que lo cuestionaron.<br><\/p>\n\n\n\n<p>La negativa del gobernador de Yucat\u00e1n, Mauricio Vila, para participar en el proceso obedeci\u00f3 a la regla por la cual los interesados deber\u00e1n solicitar licencia a sus cargos.<br><\/p>\n\n\n\n<p>Y como Yucat\u00e1n se encuentra inmerso en un proceso de conclusi\u00f3n de proyectos importantes, Vila decidi\u00f3 mejor concluir su administraci\u00f3n.<br><\/p>\n\n\n\n<p>Lo cierto es que no se quedar\u00e1 fuera de las posiciones del ahora Frente Amplio por M\u00e9xico.<br><\/p>\n\n\n\n<p>Los que est\u00e1n apuntados y valorar\u00e1n sus posibilidades de pasar el primer filtro son, hasta el momento, los siguientes personajes.<br><\/p>\n\n\n\n<p>Por el PAN, Mar\u00eda Lilly del Carmen T\u00e9llez Garc\u00eda, Bertha X\u00f3chitl G\u00e1lvez Ruiz, Santiago Creel Miranda, Juan Carlos Romero Hicks, Gabriel Ricardo Quadri de la Torre, Gustavo A. De Hoyos Walther (este \u00faltimo en su car\u00e1cter de ciudadano, pues no est\u00e1 afiliado al partido) y Jorge Luis Preciado Rodr\u00edguez.<br><\/p>\n\n\n\n<p>Por el PRI, Beatriz Paredes Rangel, Claudia Ruiz Massieu Salinas, Ildefonso Guajardo Villarreal, Alejandro Ismael Murat Hinojosa, Jos\u00e9 \u00c1ngel Gurr\u00eda (secretario de Estado con Salinas y Zedillo, pero sin filiaci\u00f3n partidista) y Enrique Octavio de la Madrid Cordero.<br><\/p>\n\n\n\n<p>Por el PRD los apuntados son Miguel \u00c1ngel Mancera Espinosa y Silvano Aureoles Conejo, aunque Mancera fue el \u00fanico de los arriba citados que no acudi\u00f3 al evento de presentaci\u00f3n.<br><\/p>\n\n\n\n<p>El m\u00e9todo fue aceptado p\u00fablicamente por los interesados, pero algunos anunciaron que \u201clo analizar\u00edan a profundidad\u2019\u2019 para decidir si se inscriben o no.<br><\/p>\n\n\n\n<p>Uno de ellos fue el empresario Gustavo de Hoyos, quien public\u00f3 una carta anunciando que se tomar\u00e1 unos d\u00edas antes de anunciar su decisi\u00f3n.<br><\/p>\n\n\n\n<p>La conclusi\u00f3n del proceso ser\u00e1 el 3 de septiembre, fecha en la que se anunciar\u00e1 oficialmente el nombre del candidato presidencial de la oposici\u00f3n, tres d\u00edas antes de que lo hagan Morena y sus socios.<\/p>\n","protected":false},"excerpt":{"rendered":"<p>Por Helga Kauffman La oposici\u00f3n present\u00f3 su m\u00e9todo de selecci\u00f3n de quien ser\u00e1 su candidato presidencial bajo el eufemismo de coordinador del Frente Amplio por M\u00e9xico. El m\u00e9todo puede ser perfectible, pero para ser el primer intento serio en involucrar a la sociedad en la elecci\u00f3n primaria de un candidato presidencial, no est\u00e1 mal. Tan [&hellip;]<\/p>\n","protected":false},"author":1,"featured_media":30028,"comment_status":"closed","ping_status":"closed","sticky":false,"template":"","format":"standard","meta":{"footnotes":""},"categories":[32],"tags":[],"class_list":["post-30027","post","type-post","status-publish","format-standard","has-post-thumbnail","hentry","category-editorial"],"_links":{"self":[{"href":"https:\/\/elinformante.mx\/index.php?rest_route=\/wp\/v2\/posts\/30027","targetHints":{"allow":["GET"]}}],"collection":[{"href":"https:\/\/elinformante.mx\/index.php?rest_route=\/wp\/v2\/posts"}],"about":[{"href":"https:\/\/elinformante.mx\/index.php?rest_route=\/wp\/v2\/types\/post"}],"author":[{"embeddable":true,"href":"https:\/\/elinformante.mx\/index.php?rest_route=\/wp\/v2\/users\/1"}],"replies":[{"embeddable":true,"href":"https:\/\/elinformante.mx\/index.php?rest_route=%2Fwp%2Fv2%2Fcomments&post=30027"}],"version-history":[{"count":0,"href":"https:\/\/elinformante.mx\/index.php?rest_route=\/wp\/v2\/posts\/30027\/revisions"}],"wp:featuredmedia":[{"embeddable":true,"href":"https:\/\/elinformante.mx\/index.php?rest_route=\/wp\/v2\/media\/30028"}],"wp:attachment":[{"href":"https:\/\/elinformante.mx\/index.php?rest_route=%2Fwp%2Fv2%2Fmedia&parent=30027"}],"wp:term":[{"taxonomy":"category","embeddable":true,"href":"https:\/\/elinformante.mx\/index.php?rest_route=%2Fwp%2Fv2%2Fcategories&post=30027"},{"taxonomy":"post_tag","embeddable":true,"href":"https:\/\/elinformante.mx\/index.php?rest_route=%2Fwp%2Fv2%2Ftags&post=30027"}],"curies":[{"name":"wp","href":"https:\/\/api.w.org\/{rel}","templated":true}]}}