{"id":30093,"date":"2023-06-29T14:21:27","date_gmt":"2023-06-29T14:21:27","guid":{"rendered":"https:\/\/elinformante.mx\/?p=30093"},"modified":"2023-06-30T10:09:56","modified_gmt":"2023-06-30T10:09:56","slug":"detienen-al-exsecretario-de-seguridad-de-acapulco-por-desaparicion-de-dos-marinos","status":"publish","type":"post","link":"https:\/\/elinformante.mx\/?p=30093","title":{"rendered":"Detienen al exSecretario de Seguridad de Acapulco por desaparici\u00f3n de dos marinos"},"content":{"rendered":"\n<p class=\"wp-block-paragraph\">Serrano P\u00e9rez fue el jefe de la polic\u00eda de Acapulco, de octubre de 2021 a julio de 2022, y la versi\u00f3n oficial de su salida fue que iba a recibir un ascenso en la Marina, que nunca fue oficializado.<br><\/p>\n\n\n\n<p class=\"wp-block-paragraph\">Por instrucciones de la alcaldesa Abelina L\u00f3pez, en marzo de a\u00f1o pasado Maximiliano P\u00e9rez asign\u00f3 a dos elementos a su cargo como escoltas del senador Jos\u00e9 Narro, y d\u00edas despu\u00e9s desaparecieron en la Ciudad de M\u00e9xico.<br><\/p>\n\n\n\n<p class=\"wp-block-paragraph\">El exsecretario de Seguridad P\u00fablica municipal de Acapulco, Maximiliano Serrano P\u00e9rez, fue detenido el lunes pasado, al parecer en Sinaloa, y se encuentra recluido en el penal de este puerto, por el caso de la desaparici\u00f3n de dos elementos de la Secretar\u00eda de Marina que estaban bajo su mando y que \u00e9l asign\u00f3 como escoltas de un senador de Morena.<br><\/p>\n\n\n\n<p class=\"wp-block-paragraph\">El capit\u00e1n de corbeta de la Marina fue detenido en la Ciudad de M\u00e9xico por la desaparici\u00f3n de \u00d3scar Manuel Gonz\u00e1lez Andrade y Victoriano Rodr\u00edguez Zurita, dos marinos asignados por instrucciones de la alcaldesa Abelina L\u00f3pez, como escoltas del senador de Morena, Jos\u00e9 Narro C\u00e9spedes, con quien se reportaron en la Ciudad de M\u00e9xico en marzo del 2022.<br><\/p>\n\n\n\n<p class=\"wp-block-paragraph\">Serrano P\u00e9rez fue el jefe de la polic\u00eda de Acapulco, de octubre de 2021 a julio de 2022, y la versi\u00f3n oficial de su salida fue que iba a recibir un ascenso en la Marina, que nunca fue oficializado.<\/p>\n","protected":false},"excerpt":{"rendered":"<p>Serrano P\u00e9rez fue el jefe de la polic\u00eda de Acapulco, de octubre de 2021 a julio de 2022, y la versi\u00f3n oficial de su salida fue que iba a recibir un ascenso en la Marina, que nunca fue oficializado. Por instrucciones de la alcaldesa Abelina L\u00f3pez, en marzo de a\u00f1o pasado Maximiliano P\u00e9rez asign\u00f3 a [&hellip;]<\/p>\n","protected":false},"author":1,"featured_media":30094,"comment_status":"closed","ping_status":"closed","sticky":false,"template":"","format":"standard","meta":{"footnotes":""},"categories":[34],"tags":[],"class_list":["post-30093","post","type-post","status-publish","format-standard","has-post-thumbnail","hentry","category-nacional"],"_links":{"self":[{"href":"https:\/\/elinformante.mx\/index.php?rest_route=\/wp\/v2\/posts\/30093","targetHints":{"allow":["GET"]}}],"collection":[{"href":"https:\/\/elinformante.mx\/index.php?rest_route=\/wp\/v2\/posts"}],"about":[{"href":"https:\/\/elinformante.mx\/index.php?rest_route=\/wp\/v2\/types\/post"}],"author":[{"embeddable":true,"href":"https:\/\/elinformante.mx\/index.php?rest_route=\/wp\/v2\/users\/1"}],"replies":[{"embeddable":true,"href":"https:\/\/elinformante.mx\/index.php?rest_route=%2Fwp%2Fv2%2Fcomments&post=30093"}],"version-history":[{"count":0,"href":"https:\/\/elinformante.mx\/index.php?rest_route=\/wp\/v2\/posts\/30093\/revisions"}],"wp:featuredmedia":[{"embeddable":true,"href":"https:\/\/elinformante.mx\/index.php?rest_route=\/wp\/v2\/media\/30094"}],"wp:attachment":[{"href":"https:\/\/elinformante.mx\/index.php?rest_route=%2Fwp%2Fv2%2Fmedia&parent=30093"}],"wp:term":[{"taxonomy":"category","embeddable":true,"href":"https:\/\/elinformante.mx\/index.php?rest_route=%2Fwp%2Fv2%2Fcategories&post=30093"},{"taxonomy":"post_tag","embeddable":true,"href":"https:\/\/elinformante.mx\/index.php?rest_route=%2Fwp%2Fv2%2Ftags&post=30093"}],"curies":[{"name":"wp","href":"https:\/\/api.w.org\/{rel}","templated":true}]}}