{"id":30118,"date":"2023-06-29T14:52:10","date_gmt":"2023-06-29T14:52:10","guid":{"rendered":"https:\/\/elinformante.mx\/?p=30118"},"modified":"2023-06-30T10:09:55","modified_gmt":"2023-06-30T10:09:55","slug":"secretaria-de-educacion-edomex-da-a-conocer-el-calendario-2023-2024-para-el-nivel-medio-superior","status":"publish","type":"post","link":"https:\/\/elinformante.mx\/?p=30118","title":{"rendered":"Secretar\u00eda de Educaci\u00f3n Edom\u00e9x da a conocer el calendario 2023-2024 para el nivel Medio superior"},"content":{"rendered":"\n<blockquote class=\"wp-block-quote is-layout-flow wp-block-quote-is-layout-flow\">\n<p class=\"wp-block-paragraph\">Las y los alumnos de este nivel de estudios iniciar\u00e1n semestre el pr\u00f3ximo 21 de agosto y su primera suspensi\u00f3n de clases ser\u00e1 el pr\u00f3ximo jueves 2 de noviembre.<\/p>\n<\/blockquote>\n\n\n\n<p class=\"wp-block-paragraph\">La Secretar\u00eda de Educaci\u00f3n del Estado de M\u00e9xico dio a conocer el nuevo calendario escolar del nivel Medio Superior correspondiente al periodo: agosto 2023-julio 2024.<br><\/p>\n\n\n\n<p class=\"wp-block-paragraph\">Las y los alumnos de este nivel de estudios iniciar\u00e1n semestre el pr\u00f3ximo 21 de agosto y su primera suspensi\u00f3n de clases ser\u00e1 el pr\u00f3ximo jueves 2 de noviembre.<br><\/p>\n\n\n\n<p class=\"wp-block-paragraph\">Posteriormente, se tiene suspensi\u00f3n de labores el 20 de noviembre. Mientras que, las vacaciones de fin de a\u00f1o, ser\u00e1n del 20 de diciembre al 4 de enero de 2024.<br><\/p>\n\n\n\n<p class=\"wp-block-paragraph\">El 25 de enero, concluir\u00eda el semestre para el nivel Medio Superior y del 26 al 31 del mismo mes, el periodo de reinscripciones.<br><\/p>\n\n\n\n<p class=\"wp-block-paragraph\">El 1 de febrero, se llevar\u00eda a cabo el inicio de nuevo semestre y la primera suspensi\u00f3n de labores ser\u00e1 el 5 del mismo mes.<br><\/p>\n\n\n\n<p class=\"wp-block-paragraph\">El 18 de marzo tampoco tendr\u00e1n labores y del 25 de marzo al 5 de abril se tendr\u00e1n vacaciones de Semana Santa.<br><\/p>\n\n\n\n<p class=\"wp-block-paragraph\">En el mes de mayo, tendr\u00edan dos suspensiones de labores, los d\u00edas 1 y 15. Y finalmente el 9 de julio, ser\u00eda el fin de semestre para que los d\u00edas 10 y 11 de este mes se lleven a cabo las ceremonias de terminaci\u00f3n de estudios.<\/p>\n","protected":false},"excerpt":{"rendered":"<p>Las y los alumnos de este nivel de estudios iniciar\u00e1n semestre el pr\u00f3ximo 21 de agosto y su primera suspensi\u00f3n de clases ser\u00e1 el pr\u00f3ximo jueves 2 de noviembre. La Secretar\u00eda de Educaci\u00f3n del Estado de M\u00e9xico dio a conocer el nuevo calendario escolar del nivel Medio Superior correspondiente al periodo: agosto 2023-julio 2024. Las [&hellip;]<\/p>\n","protected":false},"author":1,"featured_media":30119,"comment_status":"closed","ping_status":"closed","sticky":false,"template":"","format":"standard","meta":{"footnotes":""},"categories":[36],"tags":[],"class_list":["post-30118","post","type-post","status-publish","format-standard","has-post-thumbnail","hentry","category-edomex"],"_links":{"self":[{"href":"https:\/\/elinformante.mx\/index.php?rest_route=\/wp\/v2\/posts\/30118","targetHints":{"allow":["GET"]}}],"collection":[{"href":"https:\/\/elinformante.mx\/index.php?rest_route=\/wp\/v2\/posts"}],"about":[{"href":"https:\/\/elinformante.mx\/index.php?rest_route=\/wp\/v2\/types\/post"}],"author":[{"embeddable":true,"href":"https:\/\/elinformante.mx\/index.php?rest_route=\/wp\/v2\/users\/1"}],"replies":[{"embeddable":true,"href":"https:\/\/elinformante.mx\/index.php?rest_route=%2Fwp%2Fv2%2Fcomments&post=30118"}],"version-history":[{"count":0,"href":"https:\/\/elinformante.mx\/index.php?rest_route=\/wp\/v2\/posts\/30118\/revisions"}],"wp:featuredmedia":[{"embeddable":true,"href":"https:\/\/elinformante.mx\/index.php?rest_route=\/wp\/v2\/media\/30119"}],"wp:attachment":[{"href":"https:\/\/elinformante.mx\/index.php?rest_route=%2Fwp%2Fv2%2Fmedia&parent=30118"}],"wp:term":[{"taxonomy":"category","embeddable":true,"href":"https:\/\/elinformante.mx\/index.php?rest_route=%2Fwp%2Fv2%2Fcategories&post=30118"},{"taxonomy":"post_tag","embeddable":true,"href":"https:\/\/elinformante.mx\/index.php?rest_route=%2Fwp%2Fv2%2Ftags&post=30118"}],"curies":[{"name":"wp","href":"https:\/\/api.w.org\/{rel}","templated":true}]}}