{"id":30248,"date":"2023-07-03T13:38:23","date_gmt":"2023-07-03T13:38:23","guid":{"rendered":"https:\/\/elinformante.mx\/?p=30248"},"modified":"2023-07-04T03:26:49","modified_gmt":"2023-07-04T03:26:49","slug":"5-anos-de-obrasausteridad-y-menoscorrupcion-amlo","status":"publish","type":"post","link":"https:\/\/elinformante.mx\/?p=30248","title":{"rendered":"5 A\u00d1OS DE OBRAS, AUSTERIDAD Y MENOS CORRUPCI\u00d3N: AMLO"},"content":{"rendered":"\n<blockquote class=\"wp-block-quote is-layout-flow wp-block-quote-is-layout-flow\">\n<p>El mandatario asegur\u00f3 que el pacto entre el pueblo y su gobierno funcion\u00f3 y que se ha sellado bajo el principio de atender y respetar a todos, privilegiar siempre la ayuda a los pobres y necesitados.<\/p>\n<\/blockquote>\n\n\n\n<p>En una multitudinaria celebraci\u00f3n y acompa\u00f1ado de gobernadores y funcionarios de primer nivel, el presidente Andr\u00e9s Manuel L\u00f3pez Obrador celebr\u00f3 los cinco a\u00f1os de su hist\u00f3rico triunfo electoral.<br><\/p>\n\n\n\n<p>En la plaza mayor, el Z\u00f3calo de la Ciudad de M\u00e9xico, dirigi\u00f3 un mensaje lleno de j\u00fabilo y exaltaci\u00f3n a los logros de su gobierno en materia de becas, pensiones y seguridad. Adem\u00e1s, envi\u00f3 una cr\u00edtica a la oposici\u00f3n y su nuevo frente amplio.<br><\/p>\n\n\n\n<p>Andr\u00e9s Manuel L\u00f3pez Obrador inici\u00f3 su intervenci\u00f3n destacando que la 4T es una realidad con la participaci\u00f3n del pueblo. \u201cNuestro movimiento est\u00e1 m\u00e1s fuerte que nunca\u201d, se\u00f1al\u00f3.<br><\/p>\n\n\n\n<p>Con un discurso de casi 40 minutos, el mandatario asegur\u00f3 que el pacto entre el pueblo y su gobierno funcion\u00f3 y que se ha sellado bajo el principio de atender y respetar a todos, privilegiar siempre la ayuda a los pobres y necesitados. Enlist\u00f3 los logros de su gobierno y adelant\u00f3 importantes avances.<br><\/p>\n\n\n\n<p>Dijo que, de manera directa, al menos treinta millones de hogares tienen acceso a un programa del bienestar, o una porci\u00f3n, por peque\u00f1a que sea, del presupuesto nacional.<br><\/p>\n\n\n\n<figure class=\"wp-block-image size-large\"><img fetchpriority=\"high\" decoding=\"async\" width=\"1024\" height=\"503\" src=\"https:\/\/elinformante.mx\/wp-content\/uploads\/2023\/07\/quinto-1024x503.jpg\" alt=\"\" class=\"wp-image-30250\" srcset=\"https:\/\/elinformante.mx\/wp-content\/uploads\/2023\/07\/quinto-1024x503.jpg 1024w, https:\/\/elinformante.mx\/wp-content\/uploads\/2023\/07\/quinto-300x147.jpg 300w, https:\/\/elinformante.mx\/wp-content\/uploads\/2023\/07\/quinto-768x377.jpg 768w, https:\/\/elinformante.mx\/wp-content\/uploads\/2023\/07\/quinto-580x285.jpg 580w, https:\/\/elinformante.mx\/wp-content\/uploads\/2023\/07\/quinto-860x422.jpg 860w, https:\/\/elinformante.mx\/wp-content\/uploads\/2023\/07\/quinto.jpg 1140w\" sizes=\"(max-width: 1024px) 100vw, 1024px\" \/><\/figure>\n\n\n\n<p>Inform\u00f3 que la pensi\u00f3n para adultos mayores tendr\u00e1 un aumento del 25 por ciento en enero de 2024. Actualmente, este beneficio se otorga a 11 millones 545 mil ciudadanos.<br><\/p>\n\n\n\n<p>Al respecto, asegur\u00f3 que ser\u00e1 un programa que permanecer\u00e1 con el cambio de gobierno porque as\u00ed est\u00e1 estipulado en la Constituci\u00f3n.<br><\/p>\n\n\n\n<p>Sobre el poder adquisitivo de los mexicanos, destac\u00f3 que el salario m\u00ednimo increment\u00f3 en su gobierno, al pasar de 88 pesos al d\u00eda a 207 pesos y en la frontera a 312 pesos.<br><\/p>\n\n\n\n<p>En este contexto, enfatiz\u00f3 que no se ha aumentado el precio de las gasolinas en t\u00e9rminos reales, ni el precio del di\u00e9sel, gas o la luz el\u00e9ctrica, \u201cni se han incrementado impuestos, ni se han creado impuestos nuevos\u201d, asegur\u00f3.<br><\/p>\n\n\n\n<p>Al hacer \u00e9nfasis en materia de obras, AMLO mencion\u00f3 el Aeropuerto Felipe \u00c1ngeles y asegur\u00f3 que el Tren Maya ser\u00e1 inaugurado en diciembre de este a\u00f1o. Sobre Sinaloa, hizo \u00e9nfasis en la construcci\u00f3n de la presa Santa Mar\u00eda en el municipio de Rosario, as\u00ed como cuatro distritos de riego en los estados de Sonora, Sinaloa y Nayarit, para dejar al t\u00e9rmino de su gobierno 100 mil nuevas hect\u00e1reas de riego.<br><\/p>\n\n\n\n<figure class=\"wp-block-image size-large\"><img decoding=\"async\" width=\"1024\" height=\"503\" src=\"https:\/\/elinformante.mx\/wp-content\/uploads\/2023\/07\/Untitled-1-QUINTO-1024x503.jpg\" alt=\"\" class=\"wp-image-30251\" srcset=\"https:\/\/elinformante.mx\/wp-content\/uploads\/2023\/07\/Untitled-1-QUINTO-1024x503.jpg 1024w, https:\/\/elinformante.mx\/wp-content\/uploads\/2023\/07\/Untitled-1-QUINTO-300x147.jpg 300w, https:\/\/elinformante.mx\/wp-content\/uploads\/2023\/07\/Untitled-1-QUINTO-768x377.jpg 768w, https:\/\/elinformante.mx\/wp-content\/uploads\/2023\/07\/Untitled-1-QUINTO-580x285.jpg 580w, https:\/\/elinformante.mx\/wp-content\/uploads\/2023\/07\/Untitled-1-QUINTO-860x422.jpg 860w, https:\/\/elinformante.mx\/wp-content\/uploads\/2023\/07\/Untitled-1-QUINTO.jpg 1140w\" sizes=\"(max-width: 1024px) 100vw, 1024px\" \/><\/figure>\n\n\n\n<p>Al mismo tiempo, a\u00f1adi\u00f3 que se est\u00e1n construyendo acueductos para agua potable en Sonora, Sinaloa, Jalisco, Durango, Coahuila, Nuevo Le\u00f3n, Tabasco y Campeche.<br><\/p>\n\n\n\n<p>Al puntualizar la disminuci\u00f3n de los hechos de violencia durante sus cinco a\u00f1os de gobierno, el presidente asegur\u00f3 que M\u00e9xico ya no es un narco-Estado. \u201cQue se oiga bien y lejos, hasta el otro continente, pasando el Atl\u00e1ntico. Tampoco existe hoy en M\u00e9xico un narco-Estado, como lo padecimos. Ya termin\u00f3\u201d.<br><\/p>\n\n\n\n<p>El mensaje llama la atenci\u00f3n luego de que hace unos d\u00edas, el Reino Unido emiti\u00f3 una alerta de viaje a 10 estados por violencia.<br><\/p>\n\n\n\n<p>Al respecto, hizo hincapi\u00e9 en que M\u00e9xico no es un pa\u00eds militarizado, como lo han acusado sus opositores y asegur\u00f3 que ahora no se reprime al pueblo, no se ordenan masacres, no hay tortura y no se tolera la violaci\u00f3n de los derechos humanos. Ese cambio, lo atribuy\u00f3 a los servidores p\u00fablicos que lo han acompa\u00f1ado en su traves\u00eda.<br><\/p>\n\n\n\n<p>Casi para finalizar su discurso oficial, el presidente de M\u00e9xico, Andr\u00e9s Manuel L\u00f3pez Obrador, se lanz\u00f3 contra los partidos de oposici\u00f3n y contra el empresario Claudio X. Gonz\u00e1lez hijo.<br><\/p>\n\n\n\n<p>\u201cA \u00e9l lo apoyan los traficantes de influencias y pol\u00edticos corruptos del m\u00e1s alto nivel del antiguo r\u00e9gimen. Y a \u00e9l le obedecen los encargados de los partidos, muchos abogados marrulleros del Poder Judicial, intelectuales acomodaticios y periodistas alquilados o vendidos\u201d, critic\u00f3.<br><\/p>\n\n\n\n<p>Les envi\u00f3 un mensaje y dijo que poco lograr\u00e1n si no abandonan su ego\u00edsmo y aprenden a respetar y a amar a sus semejantes. \u201cMientras ellos no acepten y practiquen estos preceptos y nosotros los mantengamos y los reafirmemos, nada ni nadie podr\u00e1 vencernos\u2026 Si nos preguntamos qui\u00e9n es nuestro mejor aliado, \u00bfqu\u00e9 contestamos? \u00a1El pueblo!\u201d, finaliz\u00f3.<br><\/p>\n\n\n\n<p>En materia de econom\u00eda, el mandatario dijo que luego de la pandemia hubo un crecimiento de 3 por ciento anual. Enfatiz\u00f3 que el peso es la moneda que m\u00e1s se ha fortalecido en el mundo con relaci\u00f3n al d\u00f3lar. Hizo especial \u00e9nfasis en las remesas que este a\u00f1o superar\u00e1n los 60 mil millones de d\u00f3lares, cifra r\u00e9cord que alivia a 12 millones de familias, sobre todo de las comunidades m\u00e1s pobres y marginadas del pa\u00eds.<br><\/p>\n\n\n\n<p>Durante los primeros tres meses de 2023, se\u00f1al\u00f3 que M\u00e9xico fue el principal socio comercial de Estados Unidos y el \u00edndice de la Bolsa de Valores creci\u00f3 en 28 por ciento. Destac\u00f3 que no se ha endeudado al pa\u00eds y que las reservas del Banco de M\u00e9xico suman 203 mil millones de d\u00f3lares.<br><\/p>\n\n\n\n<p>\u201cDesde que llegamos al gobierno no hemos comprado ni un veh\u00edculo nuevo para funcionarios; en fin, nos apegamos a lo que siempre dijimos: no debe haber gobierno rico con pueblo pobre\u201d, asegur\u00f3.<\/p>\n","protected":false},"excerpt":{"rendered":"<p>El mandatario asegur\u00f3 que el pacto entre el pueblo y su gobierno funcion\u00f3 y que se ha sellado bajo el principio de atender y respetar a todos, privilegiar siempre la ayuda a los pobres y necesitados. En una multitudinaria celebraci\u00f3n y acompa\u00f1ado de gobernadores y funcionarios de primer nivel, el presidente Andr\u00e9s Manuel L\u00f3pez Obrador [&hellip;]<\/p>\n","protected":false},"author":1,"featured_media":30249,"comment_status":"closed","ping_status":"closed","sticky":false,"template":"","format":"standard","meta":{"footnotes":""},"categories":[30,31],"tags":[],"class_list":["post-30248","post","type-post","status-publish","format-standard","has-post-thumbnail","hentry","category-destacado","category-portada"],"_links":{"self":[{"href":"https:\/\/elinformante.mx\/index.php?rest_route=\/wp\/v2\/posts\/30248","targetHints":{"allow":["GET"]}}],"collection":[{"href":"https:\/\/elinformante.mx\/index.php?rest_route=\/wp\/v2\/posts"}],"about":[{"href":"https:\/\/elinformante.mx\/index.php?rest_route=\/wp\/v2\/types\/post"}],"author":[{"embeddable":true,"href":"https:\/\/elinformante.mx\/index.php?rest_route=\/wp\/v2\/users\/1"}],"replies":[{"embeddable":true,"href":"https:\/\/elinformante.mx\/index.php?rest_route=%2Fwp%2Fv2%2Fcomments&post=30248"}],"version-history":[{"count":0,"href":"https:\/\/elinformante.mx\/index.php?rest_route=\/wp\/v2\/posts\/30248\/revisions"}],"wp:featuredmedia":[{"embeddable":true,"href":"https:\/\/elinformante.mx\/index.php?rest_route=\/wp\/v2\/media\/30249"}],"wp:attachment":[{"href":"https:\/\/elinformante.mx\/index.php?rest_route=%2Fwp%2Fv2%2Fmedia&parent=30248"}],"wp:term":[{"taxonomy":"category","embeddable":true,"href":"https:\/\/elinformante.mx\/index.php?rest_route=%2Fwp%2Fv2%2Fcategories&post=30248"},{"taxonomy":"post_tag","embeddable":true,"href":"https:\/\/elinformante.mx\/index.php?rest_route=%2Fwp%2Fv2%2Ftags&post=30248"}],"curies":[{"name":"wp","href":"https:\/\/api.w.org\/{rel}","templated":true}]}}