{"id":30273,"date":"2023-07-03T14:20:10","date_gmt":"2023-07-03T14:20:10","guid":{"rendered":"https:\/\/elinformante.mx\/?p=30273"},"modified":"2023-07-04T03:26:48","modified_gmt":"2023-07-04T03:26:48","slug":"checo-perez-remonto-de-manera-espectacular-quedo-tercero-en-el-gran-premio-de-austria","status":"publish","type":"post","link":"https:\/\/elinformante.mx\/?p=30273","title":{"rendered":"Checo P\u00e9rez remont\u00f3 de manera espectacular, qued\u00f3 tercero en el Gran Premio de Austria"},"content":{"rendered":"\n<blockquote class=\"wp-block-quote is-layout-flow wp-block-quote-is-layout-flow\">\n<p>Checo P\u00e9rez mostr\u00f3 su poder\u00edo y regres\u00f3 al podio en el Gran Premio de Austria tras pelear la posici\u00f3n con Carlos Sainz.<\/p>\n<\/blockquote>\n\n\n\n<p>Checo P\u00e9rez sigue vigente. Volvi\u00f3 al podio. El mexicano resurgi\u00f3 y firm\u00f3 una notable remontada ya que arranc\u00f3 en la d\u00e9cima quinta posici\u00f3n y finaliz\u00f3 tercero en el Gran Premio de Austria tras una batalla admirable contra Carlos Sainz Jr. por meterse al podio.<br><\/p>\n\n\n\n<p>Max Verstappen repiti\u00f3 el mon\u00f3logo con otra victoria dominante de Red Bull y Charles Leclerc concluy\u00f3 segundo.<br><\/p>\n\n\n\n<p>Un d\u00eda antes el mexicano subray\u00f3 que no hab\u00eda perdido la confianza despu\u00e9s de tres malas carreras que lo alejaron de la disputa por el t\u00edtulo y este domingo en el Red Bull Ring qued\u00f3 demostrado con su vuelta al podio luego de no estar en el pedestal en M\u00f3naco, Espa\u00f1a y Canad\u00e1. Hay \u201cCheco\u201d para rato exhibi\u00f3 en esta novena cita de la temporada 2023 de la F\u00f3rmula 1. Sin olvidar su segundo puesto en el Sprint.<br><\/p>\n\n\n\n<p>El mexicano firm\u00f3 una aceptable largada. Despu\u00e9s de otra mala clasificaci\u00f3n el viernes pasado, \u201cCheco\u201d gan\u00f3 en la arrancada dos posiciones apenas con dos giros disputados, de los 71 programados. Se deshizo de Piastri y Bottas, y luego, tras un coche de seguridad por un problema de Tsunoda, tambi\u00e9n super\u00f3 a Ocon, en apenas cinco vueltas disputadas. Hab\u00eda ilusi\u00f3n.<br><\/p>\n\n\n\n<p>Con la apertura del DRS en la d\u00e9cima vuelta y un trenecito por delante, P\u00e9rez Mendoza, sostuvo una buena batalla con Russell, y dos giros despu\u00e9s se meti\u00f3 a la zona de puntos por primera ocasi\u00f3n de la carrera austriaca al aprovechar una detenci\u00f3n de Hulkenberg y tras rebasar a Albon. Un abandon\u00f3 posterior del alem\u00e1n, de Haas, propici\u00f3 que varios pilotos entraran a pits para escalar hasta la tercera posici\u00f3n solo por detr\u00e1s de Leclerc y Verstappen con todo un camino por delante.<br><\/p>\n\n\n\n<p>En la vuelta 20, Sainz Jr. con mejor ritmo, al grado que hizo r\u00e9cord de vuelta, dej\u00f3 atr\u00e1s al mexicano con el cuarto puesto, en el que \u00e9l fue el \u00fanico rebase que sufri\u00f3 el tapat\u00edo en la pista. Cinco giros m\u00e1s adelante, por primera vez en tres carreras Verstappen cedi\u00f3 la punta cuando entr\u00f3 a pits y Leclerc tom\u00f3 el liderato. La primera parada en boxes de \u201cCheco\u201d sucedi\u00f3 en la vuelta 26 con una detenci\u00f3n de 2.6 segundos y volvi\u00f3 a pista con gomas duras en la und\u00e9cima posici\u00f3n.<br><\/p>\n\n\n\n<p>El mexicano de nuevo tuvo que remar contracorriente y con una estrategia de una parada m\u00e1s para el cierre de la competencia. Antes de la mitad de la carrera, \u201cCheco\u201d se coloc\u00f3 otra vez dentro del top ten al superar a elementos como Ocon, Albon, y Russell. Mientras que adelante Verstappen recuper\u00f3 el primer puesto sobre Leclerc.<br><\/p>\n\n\n\n<p>En la vuelta 46, el tapat\u00edo fue impulsado hasta el tercer lugar gracias una parada de Norris, un rebase sobre Alonso y dos detenciones con penalizaci\u00f3n incluida de Sainz y Hamilton. Incluso, dos giros adelante Sergio se coloc\u00f3 segundo, la mejor posici\u00f3n conseguida a lo largo del d\u00eda, ante una parada de Leclerc. No obstante, P\u00e9rez ten\u00eda que hacer otro ingreso a boxes (2.4 segundos) y en el giro 51 baj\u00f3 hasta el quinto puesto detr\u00e1s de Verstappen, los dos Ferrari y Norris.<br><\/p>\n\n\n\n<p>Con neum\u00e1ticos renovados cinco vueltas m\u00e1s adelante el piloto tricolor pas\u00f3 a Norris para despu\u00e9s protagonizar una lucha ilustre con Sainz. Una batalla de la hispanidad por meterse al podio en la que ninguno se guard\u00f3 nada. Un toma y daca, intercambiaron el tercer puesto unos instantes hasta que a 10 vueltas del final por fin \u201cCheco\u201d se adue\u00f1\u00f3 de la tercera posici\u00f3n para volver al podio en una distinguida carrera. A un giro para la culminaci\u00f3n, el mexicano recibi\u00f3 una advertencia por superar los l\u00edmites de pista para meterle emoci\u00f3n y poner en duda su tercer lugar, pero nada se movi\u00f3.<br><\/p>\n\n\n\n<p>Checo acab\u00f3 tercero para su podio 31 en el \u201cGran Circo\u201d en la F1 por detr\u00e1s de Verstappen, quien alcanz\u00f3 su triunfo 42 dentro de la categor\u00eda para superar al legendario Ayrton Senna y signific\u00f3 su s\u00e9ptima victoria del a\u00f1o. Charles Leclerc le regres\u00f3 la confianza a Ferrari con su segundo puesto.<\/p>\n","protected":false},"excerpt":{"rendered":"<p>Checo P\u00e9rez mostr\u00f3 su poder\u00edo y regres\u00f3 al podio en el Gran Premio de Austria tras pelear la posici\u00f3n con Carlos Sainz. Checo P\u00e9rez sigue vigente. Volvi\u00f3 al podio. El mexicano resurgi\u00f3 y firm\u00f3 una notable remontada ya que arranc\u00f3 en la d\u00e9cima quinta posici\u00f3n y finaliz\u00f3 tercero en el Gran Premio de Austria tras [&hellip;]<\/p>\n","protected":false},"author":1,"featured_media":30274,"comment_status":"closed","ping_status":"closed","sticky":false,"template":"","format":"standard","meta":{"footnotes":""},"categories":[38],"tags":[],"class_list":["post-30273","post","type-post","status-publish","format-standard","has-post-thumbnail","hentry","category-deportes"],"_links":{"self":[{"href":"https:\/\/elinformante.mx\/index.php?rest_route=\/wp\/v2\/posts\/30273","targetHints":{"allow":["GET"]}}],"collection":[{"href":"https:\/\/elinformante.mx\/index.php?rest_route=\/wp\/v2\/posts"}],"about":[{"href":"https:\/\/elinformante.mx\/index.php?rest_route=\/wp\/v2\/types\/post"}],"author":[{"embeddable":true,"href":"https:\/\/elinformante.mx\/index.php?rest_route=\/wp\/v2\/users\/1"}],"replies":[{"embeddable":true,"href":"https:\/\/elinformante.mx\/index.php?rest_route=%2Fwp%2Fv2%2Fcomments&post=30273"}],"version-history":[{"count":0,"href":"https:\/\/elinformante.mx\/index.php?rest_route=\/wp\/v2\/posts\/30273\/revisions"}],"wp:featuredmedia":[{"embeddable":true,"href":"https:\/\/elinformante.mx\/index.php?rest_route=\/wp\/v2\/media\/30274"}],"wp:attachment":[{"href":"https:\/\/elinformante.mx\/index.php?rest_route=%2Fwp%2Fv2%2Fmedia&parent=30273"}],"wp:term":[{"taxonomy":"category","embeddable":true,"href":"https:\/\/elinformante.mx\/index.php?rest_route=%2Fwp%2Fv2%2Fcategories&post=30273"},{"taxonomy":"post_tag","embeddable":true,"href":"https:\/\/elinformante.mx\/index.php?rest_route=%2Fwp%2Fv2%2Ftags&post=30273"}],"curies":[{"name":"wp","href":"https:\/\/api.w.org\/{rel}","templated":true}]}}