{"id":30279,"date":"2023-07-03T14:23:07","date_gmt":"2023-07-03T14:23:07","guid":{"rendered":"https:\/\/elinformante.mx\/?p=30279"},"modified":"2023-07-04T03:26:47","modified_gmt":"2023-07-04T03:26:47","slug":"arranca-pvem-mega-reforestacion-verde-en-el-norte-del-edomex","status":"publish","type":"post","link":"https:\/\/elinformante.mx\/?p=30279","title":{"rendered":"Arranca PVEM mega reforestaci\u00f3n verde en el norte del Edom\u00e9x"},"content":{"rendered":"\n<blockquote class=\"wp-block-quote is-layout-flow wp-block-quote-is-layout-flow\">\n<p class=\"wp-block-paragraph\">Jos\u00e9 Alberto Couttolenc Buentello anunci\u00f3 el inicio de estas acciones ambientales con las cuales proyectan la plantaci\u00f3n de m\u00e1s de 100 mil \u00e1rboles.<\/p>\n<\/blockquote>\n\n\n\n<p class=\"wp-block-paragraph\">Tras postergar el arranque de la mega reforestaci\u00f3n en los 125 municipios mexiquenses por la onda de calor registrada recientemente en el pa\u00eds y que impact\u00f3 en el Estado de M\u00e9xico, este fin de semana, el dirigente estatal del Partido Verde Ecologista de M\u00e9xico (PVEM), Jos\u00e9 Alberto Couttolenc Buentello anunci\u00f3 el inicio de estas acciones ambientales con las cuales proyectan la plantaci\u00f3n de m\u00e1s de 100 mil \u00e1rboles.<br><\/p>\n\n\n\n<p class=\"wp-block-paragraph\">\u201cPrimero de julio, ahora s\u00ed, fecha oficial para arrancar las jornadas de reforestaciones, empezamos en Jilotepec, una regi\u00f3n muy importante para nosotros en la zona norte del estado, con nuestra diputada Mar\u00eda Luisa Mendoza y con nuestro delegado, Carlos L\u00f3pez Imm, vamos a darle con todo para reverdecer nuestra entidad\u201d, inform\u00f3 el l\u00edder estatal desde sus redes sociales, acompa\u00f1ado tambi\u00e9n por l\u00edderes de la comunidad de San Juan Acazuchitl\u00e1n y habitantes de comunidades aleda\u00f1as.<br><\/p>\n\n\n\n<figure class=\"wp-block-image size-large\"><img fetchpriority=\"high\" decoding=\"async\" width=\"1024\" height=\"503\" src=\"https:\/\/elinformante.mx\/wp-content\/uploads\/2023\/07\/ARRANCA-2-1024x503.jpg\" alt=\"\" class=\"wp-image-30281\" srcset=\"https:\/\/elinformante.mx\/wp-content\/uploads\/2023\/07\/ARRANCA-2-1024x503.jpg 1024w, https:\/\/elinformante.mx\/wp-content\/uploads\/2023\/07\/ARRANCA-2-300x147.jpg 300w, https:\/\/elinformante.mx\/wp-content\/uploads\/2023\/07\/ARRANCA-2-768x377.jpg 768w, https:\/\/elinformante.mx\/wp-content\/uploads\/2023\/07\/ARRANCA-2-580x285.jpg 580w, https:\/\/elinformante.mx\/wp-content\/uploads\/2023\/07\/ARRANCA-2-860x422.jpg 860w, https:\/\/elinformante.mx\/wp-content\/uploads\/2023\/07\/ARRANCA-2.jpg 1140w\" sizes=\"(max-width: 1024px) 100vw, 1024px\" \/><\/figure>\n\n\n\n<p class=\"wp-block-paragraph\">Con pico y pala en mano, Couttolenc Buentello expres\u00f3 su emoci\u00f3n de comenzar este proyecto con el que visitar\u00e1 diversos municipios mexiquenses, al tiempo de puntualizar que supervisar\u00e1 que las 125 delegaciones municipales inicien con sus reforestaciones y den seguimiento puntual a ellas para su cuidado correspondiente.<br><\/p>\n\n\n\n<p class=\"wp-block-paragraph\">Del mismo modo, afirm\u00f3 que estar\u00e1 pendiente de las solicitudes que la poblaci\u00f3n le haga a trav\u00e9s de sus redes sociales para reforestar una mayor cantidad de \u00e1rboles en el estado, \u201cmuchas gracias a todos los que se han sumado y vamos a darle que tenemos pr\u00e1cticamente dos meses para reforestar m\u00e1s de 100 arbolitos en todo el Estado de M\u00e9xico, \u00a1a darle!\u201d<\/p>\n","protected":false},"excerpt":{"rendered":"<p>Jos\u00e9 Alberto Couttolenc Buentello anunci\u00f3 el inicio de estas acciones ambientales con las cuales proyectan la plantaci\u00f3n de m\u00e1s de 100 mil \u00e1rboles. Tras postergar el arranque de la mega reforestaci\u00f3n en los 125 municipios mexiquenses por la onda de calor registrada recientemente en el pa\u00eds y que impact\u00f3 en el Estado de M\u00e9xico, este [&hellip;]<\/p>\n","protected":false},"author":1,"featured_media":30280,"comment_status":"closed","ping_status":"closed","sticky":false,"template":"","format":"standard","meta":{"footnotes":""},"categories":[30,36],"tags":[],"class_list":["post-30279","post","type-post","status-publish","format-standard","has-post-thumbnail","hentry","category-destacado","category-edomex"],"_links":{"self":[{"href":"https:\/\/elinformante.mx\/index.php?rest_route=\/wp\/v2\/posts\/30279","targetHints":{"allow":["GET"]}}],"collection":[{"href":"https:\/\/elinformante.mx\/index.php?rest_route=\/wp\/v2\/posts"}],"about":[{"href":"https:\/\/elinformante.mx\/index.php?rest_route=\/wp\/v2\/types\/post"}],"author":[{"embeddable":true,"href":"https:\/\/elinformante.mx\/index.php?rest_route=\/wp\/v2\/users\/1"}],"replies":[{"embeddable":true,"href":"https:\/\/elinformante.mx\/index.php?rest_route=%2Fwp%2Fv2%2Fcomments&post=30279"}],"version-history":[{"count":0,"href":"https:\/\/elinformante.mx\/index.php?rest_route=\/wp\/v2\/posts\/30279\/revisions"}],"wp:featuredmedia":[{"embeddable":true,"href":"https:\/\/elinformante.mx\/index.php?rest_route=\/wp\/v2\/media\/30280"}],"wp:attachment":[{"href":"https:\/\/elinformante.mx\/index.php?rest_route=%2Fwp%2Fv2%2Fmedia&parent=30279"}],"wp:term":[{"taxonomy":"category","embeddable":true,"href":"https:\/\/elinformante.mx\/index.php?rest_route=%2Fwp%2Fv2%2Fcategories&post=30279"},{"taxonomy":"post_tag","embeddable":true,"href":"https:\/\/elinformante.mx\/index.php?rest_route=%2Fwp%2Fv2%2Ftags&post=30279"}],"curies":[{"name":"wp","href":"https:\/\/api.w.org\/{rel}","templated":true}]}}