{"id":30283,"date":"2023-07-03T14:29:12","date_gmt":"2023-07-03T14:29:12","guid":{"rendered":"https:\/\/elinformante.mx\/?p=30283"},"modified":"2023-07-04T03:26:47","modified_gmt":"2023-07-04T03:26:47","slug":"llama-gem-a-redoblar-esfuerzos-en-materia-de-atencion-a-la-violencia-de-genero","status":"publish","type":"post","link":"https:\/\/elinformante.mx\/?p=30283","title":{"rendered":"Llama GEM a redoblar esfuerzos en materia de Atenci\u00f3n a la Violencia de G\u00e9nero"},"content":{"rendered":"\n<blockquote class=\"wp-block-quote is-layout-flow wp-block-quote-is-layout-flow\">\n<p>Dan a conocer que el Edom\u00e9x tiene el primer lugar a nivel nacional de mujeres localizadas con vida.<\/p>\n<\/blockquote>\n\n\n\n<p>Por instrucci\u00f3n del Gobernador Alfredo Del Mazo Maza y para dar continuidad a las acciones para garantizar el bienestar de las mexiquenses, sesion\u00f3 el Mecanismo de Seguimiento de las Medidas de Seguridad, Prevenci\u00f3n y Justicia para Atender y Erradicar la Violencia contra las Ni\u00f1as, Adolescentes y Mujeres 2023.<br><\/p>\n\n\n\n<p>Al hacer uso de la palabra, el Secretario General de Gobierno, Luis Felipe Puente Espinosa, convoc\u00f3 a nombre del mandatario estatal, a no bajar la guardia en la esencia de este mecanismo y destac\u00f3 que, aunque todav\u00eda hay mucho por hacer en las reformas y acuerdos para fortalecer las acciones, en la atenci\u00f3n a la erradicaci\u00f3n de la violencia de g\u00e9nero, se han logrado avances importantes con la coordinaci\u00f3n de todas las instituciones del gobierno estatal y los municipios.<br><\/p>\n\n\n\n<p>Dio a conocer que se convocar\u00e1 a reuniones con los 11 municipios con Alerta de Violencia de G\u00e9nero y en aquellos donde se est\u00e1n incrementando los \u00edndices, a fin de prevenir, desde las demarcaciones, estas incidencias, y llam\u00f3 a la suma de esfuerzos y a fortalecer la cultura de la difusi\u00f3n, prevenci\u00f3n y denuncia con el apoyo de la sociedad civil, a fin de alcanzar resultados eficientes.<br><\/p>\n\n\n\n<figure class=\"wp-block-image size-large\"><img fetchpriority=\"high\" decoding=\"async\" width=\"1024\" height=\"503\" src=\"https:\/\/elinformante.mx\/wp-content\/uploads\/2023\/07\/llama-1024x503.jpg\" alt=\"\" class=\"wp-image-30285\" srcset=\"https:\/\/elinformante.mx\/wp-content\/uploads\/2023\/07\/llama-1024x503.jpg 1024w, https:\/\/elinformante.mx\/wp-content\/uploads\/2023\/07\/llama-300x147.jpg 300w, https:\/\/elinformante.mx\/wp-content\/uploads\/2023\/07\/llama-768x377.jpg 768w, https:\/\/elinformante.mx\/wp-content\/uploads\/2023\/07\/llama-580x285.jpg 580w, https:\/\/elinformante.mx\/wp-content\/uploads\/2023\/07\/llama-860x422.jpg 860w, https:\/\/elinformante.mx\/wp-content\/uploads\/2023\/07\/llama.jpg 1140w\" sizes=\"(max-width: 1024px) 100vw, 1024px\" \/><\/figure>\n\n\n\n<p>Durante la sesi\u00f3n, la titular de la Secretar\u00eda de las Mujeres (SeMujeres), Denisse Ugalde Alegr\u00eda, refiri\u00f3 que es importante continuar con la sinergia que se tiene con los gobiernos municipales y que estos den a conocer las buenas pr\u00e1cticas y estrategias de prevenci\u00f3n y atenci\u00f3n que est\u00e1n llevando a cabo, a fin de visibilizar su trabajo, por lo que someti\u00f3 a consideraci\u00f3n de la mesa que en la pr\u00f3xima sesi\u00f3n est\u00e9n presentes las y los Alcaldes para que expongan estos puntos y as\u00ed saber lo que se est\u00e1 haciendo en favor de las ni\u00f1as, adolescentes y mujeres, as\u00ed como exhortarlos a reforzar las c\u00e9lulas de b\u00fasqueda y las unidades de an\u00e1lisis de contexto de sus demarcaciones.<br><\/p>\n\n\n\n<p>\u201cLas Presidentas y los Presidentes municipales son el primer contacto, los primeros respondientes y hemos visto el trabajo que han hecho y los resultados que han dado y creemos que es importante que nos ayuden a fortalecerlo\u201d, dijo.<br><\/p>\n\n\n\n<p>Ante quienes integran este mecanismo, la Secretaria se\u00f1al\u00f3 que se est\u00e1 trabajando de manera puntual en el tema y dio a conocer que, con el apoyo del Secretariado Ejecutivo del Sistema Estatal de Seguridad P\u00fablica, se monitorean las tenencias de violencias en los municipios mexiquenses en materia de delitos de g\u00e9nero a fin de contar con los indicadores necesarios para que el gobierno entrante tenga la informaci\u00f3n necesaria para continuar brindando la atenci\u00f3n a este sector de la poblaci\u00f3n.<br><\/p>\n\n\n\n<p>Finalmente, al hacer uso de la palabra Sol Berenice Salgado Ambros, titular de la Comisi\u00f3n de B\u00fasqueda de Personas estatal (COBUPEM), resalt\u00f3 que la entidad mexiquense tiene el primer lugar a nivel nacional de mujeres localizadas con vida y esto se debe al esfuerzo interinstitucional que se ha realizado, as\u00ed como en la implementaci\u00f3n de las c\u00e9lulas de b\u00fasqueda y protocolos, por lo que invit\u00f3 a las instancias involucradas a seguir con la suma de esfuerzos.<\/p>\n","protected":false},"excerpt":{"rendered":"<p>Dan a conocer que el Edom\u00e9x tiene el primer lugar a nivel nacional de mujeres localizadas con vida. Por instrucci\u00f3n del Gobernador Alfredo Del Mazo Maza y para dar continuidad a las acciones para garantizar el bienestar de las mexiquenses, sesion\u00f3 el Mecanismo de Seguimiento de las Medidas de Seguridad, Prevenci\u00f3n y Justicia para Atender [&hellip;]<\/p>\n","protected":false},"author":1,"featured_media":30284,"comment_status":"closed","ping_status":"closed","sticky":false,"template":"","format":"standard","meta":{"footnotes":""},"categories":[30,36],"tags":[],"class_list":["post-30283","post","type-post","status-publish","format-standard","has-post-thumbnail","hentry","category-destacado","category-edomex"],"_links":{"self":[{"href":"https:\/\/elinformante.mx\/index.php?rest_route=\/wp\/v2\/posts\/30283","targetHints":{"allow":["GET"]}}],"collection":[{"href":"https:\/\/elinformante.mx\/index.php?rest_route=\/wp\/v2\/posts"}],"about":[{"href":"https:\/\/elinformante.mx\/index.php?rest_route=\/wp\/v2\/types\/post"}],"author":[{"embeddable":true,"href":"https:\/\/elinformante.mx\/index.php?rest_route=\/wp\/v2\/users\/1"}],"replies":[{"embeddable":true,"href":"https:\/\/elinformante.mx\/index.php?rest_route=%2Fwp%2Fv2%2Fcomments&post=30283"}],"version-history":[{"count":0,"href":"https:\/\/elinformante.mx\/index.php?rest_route=\/wp\/v2\/posts\/30283\/revisions"}],"wp:featuredmedia":[{"embeddable":true,"href":"https:\/\/elinformante.mx\/index.php?rest_route=\/wp\/v2\/media\/30284"}],"wp:attachment":[{"href":"https:\/\/elinformante.mx\/index.php?rest_route=%2Fwp%2Fv2%2Fmedia&parent=30283"}],"wp:term":[{"taxonomy":"category","embeddable":true,"href":"https:\/\/elinformante.mx\/index.php?rest_route=%2Fwp%2Fv2%2Fcategories&post=30283"},{"taxonomy":"post_tag","embeddable":true,"href":"https:\/\/elinformante.mx\/index.php?rest_route=%2Fwp%2Fv2%2Ftags&post=30283"}],"curies":[{"name":"wp","href":"https:\/\/api.w.org\/{rel}","templated":true}]}}