{"id":30302,"date":"2023-07-03T15:01:57","date_gmt":"2023-07-03T15:01:57","guid":{"rendered":"https:\/\/elinformante.mx\/?p=30302"},"modified":"2023-07-04T03:26:46","modified_gmt":"2023-07-04T03:26:46","slug":"sentencian-a-60-anos-de-prision-a-dos-responsables-de-secuestro-expres","status":"publish","type":"post","link":"https:\/\/elinformante.mx\/?p=30302","title":{"rendered":"Sentencian a 60 a\u00f1os de prisi\u00f3n a dos responsables de secuestro expr\u00e9s"},"content":{"rendered":"\n<blockquote class=\"wp-block-quote is-layout-flow wp-block-quote-is-layout-flow\">\n<p>Estas personas privaron de la libertad al conductor de un veh\u00edculo de carga, con la finalidad de despojarlo de dicha unidad automotora con mercanc\u00eda consistente en 3 mil 800 kilos de bolsas de polietileno.<\/p>\n<\/blockquote>\n\n\n\n<p>Victoria Mac\u00edas Rubio y Gustavo Salvador M\u00e1rquez fueron sentenciados a 60 a\u00f1os de prisi\u00f3n, una vez que la Fiscal\u00eda General de Justicia del Estado de M\u00e9xico (FGJEM) acredit\u00f3 su intervenci\u00f3n en el delito secuestro expr\u00e9s con fines de robo, hecho perpetrado en este municipio.<br><\/p>\n\n\n\n<p>De acuerdo con la indagatoria de la FGJEM, el 8 de noviembre de 2022, un hombre conduc\u00eda un veh\u00edculo marca Ford, tipo Super Duty, en donde transportaba mercanc\u00eda consistente en 3 mil 800 kilogramos de bolsas de polietileno, y en la avenida Jos\u00e9 L\u00f3pez Portillo con direcci\u00f3n a Ecatepec, en la colonia San Francisco del municipio de Coacalco, fue interceptado por varios sujetos que tripulaban un autom\u00f3vil tipo Ibiza.<br><\/p>\n\n\n\n<p>Estas personas, entre ellas los ahora sentenciados, amagaron con armas de fuego a la v\u00edctima, la privaron de su libertad y la subieron por la fuerza al veh\u00edculo Ibiza, en donde la mantuvieron cautiva, en tanto que hurtaron la unidad de carga con la mercanc\u00eda, Horas m\u00e1s tarde esta persona fue liberada en la zona.<br><\/p>\n\n\n\n<p>Los hechos fueron denunciados ante la FGJEM quien inici\u00f3 la investigaci\u00f3n respectiva por este il\u00edcito y con el avance en la indagatoria fue posible la detenci\u00f3n de los responsables, quienes fueron puestos a disposici\u00f3n de un Juez en el Centro Penitenciario y de Reinserci\u00f3n Social de Ecatepec, quien, tras proceso legal, les dict\u00f3 esta sentencia de condena.<br><\/p>\n\n\n\n<p>Adem\u00e1s de la pena privativa de libertad, la Autoridad Judicial les fij\u00f3 una multa de 481 mil 100 pesos y la cantidad de 96 mil 220 pesos como reparaci\u00f3n del da\u00f1o, en tanto que sus derechos civiles y pol\u00edticos quedaron suspendidos.<\/p>\n","protected":false},"excerpt":{"rendered":"<p>Estas personas privaron de la libertad al conductor de un veh\u00edculo de carga, con la finalidad de despojarlo de dicha unidad automotora con mercanc\u00eda consistente en 3 mil 800 kilos de bolsas de polietileno. Victoria Mac\u00edas Rubio y Gustavo Salvador M\u00e1rquez fueron sentenciados a 60 a\u00f1os de prisi\u00f3n, una vez que la Fiscal\u00eda General de [&hellip;]<\/p>\n","protected":false},"author":1,"featured_media":30303,"comment_status":"closed","ping_status":"closed","sticky":false,"template":"","format":"standard","meta":{"footnotes":""},"categories":[36,37],"tags":[],"class_list":["post-30302","post","type-post","status-publish","format-standard","has-post-thumbnail","hentry","category-edomex","category-justicia"],"_links":{"self":[{"href":"https:\/\/elinformante.mx\/index.php?rest_route=\/wp\/v2\/posts\/30302","targetHints":{"allow":["GET"]}}],"collection":[{"href":"https:\/\/elinformante.mx\/index.php?rest_route=\/wp\/v2\/posts"}],"about":[{"href":"https:\/\/elinformante.mx\/index.php?rest_route=\/wp\/v2\/types\/post"}],"author":[{"embeddable":true,"href":"https:\/\/elinformante.mx\/index.php?rest_route=\/wp\/v2\/users\/1"}],"replies":[{"embeddable":true,"href":"https:\/\/elinformante.mx\/index.php?rest_route=%2Fwp%2Fv2%2Fcomments&post=30302"}],"version-history":[{"count":0,"href":"https:\/\/elinformante.mx\/index.php?rest_route=\/wp\/v2\/posts\/30302\/revisions"}],"wp:featuredmedia":[{"embeddable":true,"href":"https:\/\/elinformante.mx\/index.php?rest_route=\/wp\/v2\/media\/30303"}],"wp:attachment":[{"href":"https:\/\/elinformante.mx\/index.php?rest_route=%2Fwp%2Fv2%2Fmedia&parent=30302"}],"wp:term":[{"taxonomy":"category","embeddable":true,"href":"https:\/\/elinformante.mx\/index.php?rest_route=%2Fwp%2Fv2%2Fcategories&post=30302"},{"taxonomy":"post_tag","embeddable":true,"href":"https:\/\/elinformante.mx\/index.php?rest_route=%2Fwp%2Fv2%2Ftags&post=30302"}],"curies":[{"name":"wp","href":"https:\/\/api.w.org\/{rel}","templated":true}]}}