{"id":30305,"date":"2023-07-03T15:02:50","date_gmt":"2023-07-03T15:02:50","guid":{"rendered":"https:\/\/elinformante.mx\/?p=30305"},"modified":"2023-07-04T03:26:46","modified_gmt":"2023-07-04T03:26:46","slug":"70-anos-de-prision-por-feminicidio-en-nicolas-romero","status":"publish","type":"post","link":"https:\/\/elinformante.mx\/?p=30305","title":{"rendered":"70 a\u00f1os de prisi\u00f3n por feminicidio en Nicol\u00e1s Romero"},"content":{"rendered":"\n<blockquote class=\"wp-block-quote is-layout-flow wp-block-quote-is-layout-flow\">\n<p>Este il\u00edcito se perpetr\u00f3 el 25 de junio de 2022, al interior de un inmueble del Barrio de La Luz.<\/p>\n<\/blockquote>\n\n\n\n<p>La Fiscal\u00eda General de Justicia del Estado de M\u00e9xico (FGJEM) acredit\u00f3 la participaci\u00f3n de David Garc\u00eda Jim\u00e9nez en un homicidio perpetrado en el municipio de Nicol\u00e1s Romero, por lo que fue sentenciado a 70 a\u00f1os de prisi\u00f3n.<br><\/p>\n\n\n\n<p>Con las pruebas recabadas, aportadas y expuestas por el Agente del Ministerio P\u00fablico, la Autoridad Judicial dict\u00f3 esta condena para el acusado, quien adem\u00e1s deber\u00e1 pagar multa de 481 mil 100 pesos y 1 mill\u00f3n 460 mil 619 pesos como reparaci\u00f3n del da\u00f1o, aunado a que sus derechos civiles y pol\u00edticos quedaron suspendidos.<br><\/p>\n\n\n\n<p>De acuerdo con la indagatoria de la FGJEM, se pudo determinar que el 25 de junio de 2022, la v\u00edctima y el hoy sentenciado se encontraban al interior de un inmueble ubicado en Barrio de la Luz, en San Francisco Magu, en el municipio de Nicol\u00e1s Romero, donde en alg\u00fan momento iniciaron una discusi\u00f3n. Luego, David Garc\u00eda Jim\u00e9nez la agredi\u00f3 f\u00edsicamente y la estrangul\u00f3, para finalmente huir del lugar.<br><\/p>\n\n\n\n<p>Una vez que esta Instituci\u00f3n tom\u00f3 conocimiento del il\u00edcito, fue iniciada la indagatoria por el hecho delictivo de feminicidio y con el avance en la investigaci\u00f3n, el Agente del Ministerio P\u00fablico solicit\u00f3 al \u00d3rgano Jurisdiccional librar orden de aprehensi\u00f3n en contra del responsable, mandamiento judicial que fue otorgado y cumplimentado por Polic\u00edas de Investigaci\u00f3n (PDI), en el mes de julio del a\u00f1o pasado.<br><\/p>\n\n\n\n<p>Este sujeto fue ingresado al Centro Penitenciario y de Reinserci\u00f3n Social de Tlalnepantla, a disposici\u00f3n de un Juez, autoridad que, tras proceso legal, le dict\u00f3 esta sentencia de condena.<\/p>\n","protected":false},"excerpt":{"rendered":"<p>Este il\u00edcito se perpetr\u00f3 el 25 de junio de 2022, al interior de un inmueble del Barrio de La Luz. La Fiscal\u00eda General de Justicia del Estado de M\u00e9xico (FGJEM) acredit\u00f3 la participaci\u00f3n de David Garc\u00eda Jim\u00e9nez en un homicidio perpetrado en el municipio de Nicol\u00e1s Romero, por lo que fue sentenciado a 70 a\u00f1os [&hellip;]<\/p>\n","protected":false},"author":1,"featured_media":30306,"comment_status":"closed","ping_status":"closed","sticky":false,"template":"","format":"standard","meta":{"footnotes":""},"categories":[36,37],"tags":[],"class_list":["post-30305","post","type-post","status-publish","format-standard","has-post-thumbnail","hentry","category-edomex","category-justicia"],"_links":{"self":[{"href":"https:\/\/elinformante.mx\/index.php?rest_route=\/wp\/v2\/posts\/30305","targetHints":{"allow":["GET"]}}],"collection":[{"href":"https:\/\/elinformante.mx\/index.php?rest_route=\/wp\/v2\/posts"}],"about":[{"href":"https:\/\/elinformante.mx\/index.php?rest_route=\/wp\/v2\/types\/post"}],"author":[{"embeddable":true,"href":"https:\/\/elinformante.mx\/index.php?rest_route=\/wp\/v2\/users\/1"}],"replies":[{"embeddable":true,"href":"https:\/\/elinformante.mx\/index.php?rest_route=%2Fwp%2Fv2%2Fcomments&post=30305"}],"version-history":[{"count":0,"href":"https:\/\/elinformante.mx\/index.php?rest_route=\/wp\/v2\/posts\/30305\/revisions"}],"wp:featuredmedia":[{"embeddable":true,"href":"https:\/\/elinformante.mx\/index.php?rest_route=\/wp\/v2\/media\/30306"}],"wp:attachment":[{"href":"https:\/\/elinformante.mx\/index.php?rest_route=%2Fwp%2Fv2%2Fmedia&parent=30305"}],"wp:term":[{"taxonomy":"category","embeddable":true,"href":"https:\/\/elinformante.mx\/index.php?rest_route=%2Fwp%2Fv2%2Fcategories&post=30305"},{"taxonomy":"post_tag","embeddable":true,"href":"https:\/\/elinformante.mx\/index.php?rest_route=%2Fwp%2Fv2%2Ftags&post=30305"}],"curies":[{"name":"wp","href":"https:\/\/api.w.org\/{rel}","templated":true}]}}