{"id":30319,"date":"2023-07-03T15:23:46","date_gmt":"2023-07-03T15:23:46","guid":{"rendered":"https:\/\/elinformante.mx\/?p=30319"},"modified":"2023-07-04T03:26:45","modified_gmt":"2023-07-04T03:26:45","slug":"rehabilita-zinacantepec-la-carretera-a-tecaxic","status":"publish","type":"post","link":"https:\/\/elinformante.mx\/?p=30319","title":{"rendered":"Rehabilita Zinacantepec la carretera a Tecaxic"},"content":{"rendered":"\n<blockquote class=\"wp-block-quote is-layout-flow wp-block-quote-is-layout-flow\">\n<p>M\u00e1s de 20 mil habitantes se ver\u00e1n directamente beneficiados, ya que se trata de una v\u00eda de jurisdicci\u00f3n estatal.<\/p>\n<\/blockquote>\n\n\n\n<p>Despu\u00e9s de a\u00f1os de deterioro debido al alto volumen de tr\u00e1fico y problemas estructurales en la superficie de la carretera principal a Tecaxic, finalmente se ha llevado a cabo la rehabilitaci\u00f3n.<br><\/p>\n\n\n\n<p>El alcalde Manuel Vilchis Viveros ha cumplido su promesa a los ciudadanos que luchaban a diario con la vialidad intransitable, respondiendo a una solicitud que los residentes de la zona ven\u00edan haciendo desde hace m\u00e1s de 7 a\u00f1os.<br><\/p>\n\n\n\n<p>Durante una visita de supervisi\u00f3n que abarc\u00f3 m\u00e1s de mil 600 metros cuadrados de concreto hidr\u00e1ulico, el Alcalde, acompa\u00f1ado por la S\u00edndico Municipal, algunos regidores y vecinos beneficiados, destac\u00f3 que esta pavimentaci\u00f3n mejorar\u00e1 la interconectividad con los municipios de Almoloya de Ju\u00e1rez, Toluca, Ixtlahuaca y Zinacantepec.<br><\/p>\n\n\n\n<p>M\u00e1s de 20 mil habitantes se ver\u00e1n directamente beneficiados, ya que se trata de una v\u00eda de jurisdicci\u00f3n estatal.<br><\/p>\n\n\n\n<p>Vilchis Viveros enfatiz\u00f3: \u201cNo evitamos nuestras responsabilidades, somos conscientes de que hay acciones que competen a los gobiernos municipal, estatal y federal. Sin embargo, como autoridad m\u00e1s cercana a la ciudadan\u00eda, estamos aqu\u00ed para enfrentar los desaf\u00edos y cumplir con hechos, con obras que beneficien a todos, no solo a unos pocos\u201d.<br><\/p>\n\n\n\n<p>Durante la visita, se inform\u00f3 a los presentes que, con el objetivo de mejorar el camino y garantizar un viaje m\u00e1s c\u00f3modo y fluido, fue necesario reconstruir la base de la carretera para cumplir con los est\u00e1ndares de carga, trazado y nivelaci\u00f3n. Tambi\u00e9n se llevaron a cabo trabajos de desazolve de cunetas, ajustes en las instalaciones de telefon\u00eda y se colocaron 15 cent\u00edmetros de concreto premezclado, lo que se espera prolongue la vida \u00fatil de la carretera entre 10 y 15 a\u00f1os.<br><\/p>\n\n\n\n<p>Adem\u00e1s de mejorar la infraestructura vial, estos trabajos tambi\u00e9n ayudar\u00e1n a prevenir la acumulaci\u00f3n de agua de lluvia, lo cual deteriora el camino y obstaculiza el tr\u00e1fico vehicular. La intervenci\u00f3n realizada contribuir\u00e1 a evitar futuros inconvenientes y asegurar una mejor movilidad para los residentes y visitantes de la zona.<\/p>\n","protected":false},"excerpt":{"rendered":"<p>M\u00e1s de 20 mil habitantes se ver\u00e1n directamente beneficiados, ya que se trata de una v\u00eda de jurisdicci\u00f3n estatal. Despu\u00e9s de a\u00f1os de deterioro debido al alto volumen de tr\u00e1fico y problemas estructurales en la superficie de la carretera principal a Tecaxic, finalmente se ha llevado a cabo la rehabilitaci\u00f3n. El alcalde Manuel Vilchis Viveros [&hellip;]<\/p>\n","protected":false},"author":1,"featured_media":30320,"comment_status":"closed","ping_status":"closed","sticky":false,"template":"","format":"standard","meta":{"footnotes":""},"categories":[30,36],"tags":[],"class_list":["post-30319","post","type-post","status-publish","format-standard","has-post-thumbnail","hentry","category-destacado","category-edomex"],"_links":{"self":[{"href":"https:\/\/elinformante.mx\/index.php?rest_route=\/wp\/v2\/posts\/30319","targetHints":{"allow":["GET"]}}],"collection":[{"href":"https:\/\/elinformante.mx\/index.php?rest_route=\/wp\/v2\/posts"}],"about":[{"href":"https:\/\/elinformante.mx\/index.php?rest_route=\/wp\/v2\/types\/post"}],"author":[{"embeddable":true,"href":"https:\/\/elinformante.mx\/index.php?rest_route=\/wp\/v2\/users\/1"}],"replies":[{"embeddable":true,"href":"https:\/\/elinformante.mx\/index.php?rest_route=%2Fwp%2Fv2%2Fcomments&post=30319"}],"version-history":[{"count":0,"href":"https:\/\/elinformante.mx\/index.php?rest_route=\/wp\/v2\/posts\/30319\/revisions"}],"wp:featuredmedia":[{"embeddable":true,"href":"https:\/\/elinformante.mx\/index.php?rest_route=\/wp\/v2\/media\/30320"}],"wp:attachment":[{"href":"https:\/\/elinformante.mx\/index.php?rest_route=%2Fwp%2Fv2%2Fmedia&parent=30319"}],"wp:term":[{"taxonomy":"category","embeddable":true,"href":"https:\/\/elinformante.mx\/index.php?rest_route=%2Fwp%2Fv2%2Fcategories&post=30319"},{"taxonomy":"post_tag","embeddable":true,"href":"https:\/\/elinformante.mx\/index.php?rest_route=%2Fwp%2Fv2%2Ftags&post=30319"}],"curies":[{"name":"wp","href":"https:\/\/api.w.org\/{rel}","templated":true}]}}