{"id":30322,"date":"2023-07-03T15:28:05","date_gmt":"2023-07-03T15:28:05","guid":{"rendered":"https:\/\/elinformante.mx\/?p=30322"},"modified":"2023-07-04T03:26:45","modified_gmt":"2023-07-04T03:26:45","slug":"proponen-que-la-constitucion-garantice-entrega-de-becas-escolares","status":"publish","type":"post","link":"https:\/\/elinformante.mx\/?p=30322","title":{"rendered":"Proponen que la Constituci\u00f3n garantice entrega de becas escolares"},"content":{"rendered":"\n<blockquote class=\"wp-block-quote is-layout-flow wp-block-quote-is-layout-flow\">\n<p>Los apoyos econ\u00f3micos o en especie contrarrestar\u00e1n el analfabetismo y la deserci\u00f3n escolar.<br><\/p>\n<\/blockquote>\n\n\n\n<p>El grupo parlamentario de Morena, a trav\u00e9s del diputado Emiliano Aguirre Cruz, propuso reformas para elevar a rango constitucional la implementaci\u00f3n de pol\u00edticas p\u00fablicas para erradicar el analfabetismo, as\u00ed como implementar becas que combatan la deserci\u00f3n o abandono escolar en todos los niveles del sistema educativo del Estado de M\u00e9xico.<br><\/p>\n\n\n\n<p>En sesi\u00f3n de la Diputaci\u00f3n Permanente, la diputada Mar\u00eda del Carmen de la Rosa Mendoza (Morena), expuso que esta reforma garantizar\u00e1 la entrega directa de apoyos econ\u00f3micos, o en especie, especialmente a personas o grupos sociales en situaci\u00f3n de pobreza, marginaci\u00f3n o vulnerabilidad.<br><\/p>\n\n\n\n<p>La legisladora indic\u00f3 que la deserci\u00f3n escolar se considera como un alejamiento progresivo de la escuela que culmina con su abandono. En la entidad, debido a la pandemia de covid-19, la tasa de abandono en el nivel medio superior aument\u00f3 en el ciclo escolar 2021-2022 de 11.1 a 12.1 por ciento, que significa el mayor puntaje de deserci\u00f3n de los \u00faltimos tres a\u00f1os incluso por encima de la media nacional.<br><\/p>\n\n\n\n<p>Otro reto lo constituye el analfabetismo, que coloca a la entidad en tercer lugar nacional para personas menores de quince a\u00f1os con un registro de m\u00e1s de 372 mil personas, de las cuales 248 mil 391 son mujeres. La iniciativa fue remitida a dictamen de la Comisi\u00f3n de Gobernaci\u00f3n y Puntos Constitucionales.<\/p>\n","protected":false},"excerpt":{"rendered":"<p>Los apoyos econ\u00f3micos o en especie contrarrestar\u00e1n el analfabetismo y la deserci\u00f3n escolar. El grupo parlamentario de Morena, a trav\u00e9s del diputado Emiliano Aguirre Cruz, propuso reformas para elevar a rango constitucional la implementaci\u00f3n de pol\u00edticas p\u00fablicas para erradicar el analfabetismo, as\u00ed como implementar becas que combatan la deserci\u00f3n o abandono escolar en todos los [&hellip;]<\/p>\n","protected":false},"author":1,"featured_media":30323,"comment_status":"closed","ping_status":"closed","sticky":false,"template":"","format":"standard","meta":{"footnotes":""},"categories":[36],"tags":[],"class_list":["post-30322","post","type-post","status-publish","format-standard","has-post-thumbnail","hentry","category-edomex"],"_links":{"self":[{"href":"https:\/\/elinformante.mx\/index.php?rest_route=\/wp\/v2\/posts\/30322","targetHints":{"allow":["GET"]}}],"collection":[{"href":"https:\/\/elinformante.mx\/index.php?rest_route=\/wp\/v2\/posts"}],"about":[{"href":"https:\/\/elinformante.mx\/index.php?rest_route=\/wp\/v2\/types\/post"}],"author":[{"embeddable":true,"href":"https:\/\/elinformante.mx\/index.php?rest_route=\/wp\/v2\/users\/1"}],"replies":[{"embeddable":true,"href":"https:\/\/elinformante.mx\/index.php?rest_route=%2Fwp%2Fv2%2Fcomments&post=30322"}],"version-history":[{"count":0,"href":"https:\/\/elinformante.mx\/index.php?rest_route=\/wp\/v2\/posts\/30322\/revisions"}],"wp:featuredmedia":[{"embeddable":true,"href":"https:\/\/elinformante.mx\/index.php?rest_route=\/wp\/v2\/media\/30323"}],"wp:attachment":[{"href":"https:\/\/elinformante.mx\/index.php?rest_route=%2Fwp%2Fv2%2Fmedia&parent=30322"}],"wp:term":[{"taxonomy":"category","embeddable":true,"href":"https:\/\/elinformante.mx\/index.php?rest_route=%2Fwp%2Fv2%2Fcategories&post=30322"},{"taxonomy":"post_tag","embeddable":true,"href":"https:\/\/elinformante.mx\/index.php?rest_route=%2Fwp%2Fv2%2Ftags&post=30322"}],"curies":[{"name":"wp","href":"https:\/\/api.w.org\/{rel}","templated":true}]}}