{"id":30342,"date":"2023-07-03T15:41:19","date_gmt":"2023-07-03T15:41:19","guid":{"rendered":"https:\/\/elinformante.mx\/?p=30342"},"modified":"2023-07-04T03:26:44","modified_gmt":"2023-07-04T03:26:44","slug":"se-descartan-mas-candidatos-de-la-oposicion-rumbo-al-2024","status":"publish","type":"post","link":"https:\/\/elinformante.mx\/?p=30342","title":{"rendered":"Se descartan m\u00e1s candidatos de la oposici\u00f3n rumbo al 2024"},"content":{"rendered":"\n<blockquote class=\"wp-block-quote is-layout-flow wp-block-quote-is-layout-flow\">\n<p>Gustavo de Hoyos y Alejandro Murat se bajan de carrera presidencial; de Hoyos se\u00f1al\u00f3 que el no tener militancia partidista lo pone en desventaja, mientras que Murat asegur\u00f3 que en el m\u00e9todo de elecci\u00f3n deja m\u00e1s dudas que certezas.<\/p>\n<\/blockquote>\n\n\n\n<p>El empresario exl\u00edder de la Confederaci\u00f3n Patronal de la Rep\u00fablica Mexicana (Coparmex), Gustavo de Hoyos y el exgobernador de Oaxaca, Alejandro Murat, anunciaron que no se registrar\u00e1n como candidatos presidenciales del Frente Amplio por M\u00e9xico.<br><\/p>\n\n\n\n<p>El primero de ellos asegur\u00f3 que los motivos que lo llevaron a dejar esta aspiraci\u00f3n son que el m\u00e9todo decidido pone en desventaja a los ciudadanos que, como \u00e9l, no tiene militancia partidista.<br><\/p>\n\n\n\n<p>Debo decir con claridad que a pesar de contar con amplia trayectoria en la sociedad civil, las reglas definidas hacen inviable el \u00e9xito de mi aspiraci\u00f3n, no obstante ser el \u00fanico aspirante de extracci\u00f3n totalmente apartidaria; por eso, y despu\u00e9s de una profunda reflexi\u00f3n he decidido no inscribirme en el proceso electivo al que convoc\u00f3 el Frente Amplio por M\u00e9xico\u201d, dijo en un video difundido en redes sociales.<br><\/p>\n\n\n\n<p>Explic\u00f3 que \u201clograr cientos de miles de apoyos digitales en menos de un mes es una barrera dif\u00edcil de franquear para un aspirante de extracci\u00f3n ciudadana, que no tiene en su servicio estructuras pol\u00edticas formales. Es un claro desbalance competitivo, incluso para una persona con amplio liderazgo social que no ha ocupado cargos p\u00fablicos compararse desde el inicio del proceso con los niveles de conocimiento que acumula a lo largo de los a\u00f1os un pol\u00edtico tradicional.<br><\/p>\n\n\n\n<p>Como se analiz\u00f3 en las fases iniciales de la discusi\u00f3n, en el m\u00e9todo debieron introducirse mecanismos de acci\u00f3n afirmativa en favor de las personas ajenas a los partidos y los encargos pol\u00edticos, poniendo un piso parejo que induzca la participaci\u00f3n de los ciudadanos hasta las \u00faltimas etapas del proceso\u201d, consider\u00f3.<br><\/p>\n\n\n\n<p>Gustavo de Hoyos anunci\u00f3 que va \u201ca trabajar intensamente en los pr\u00f3ximos meses para que los procesos de definici\u00f3n a las gubernaturas, senadur\u00edas, diputaciones federales y locales, alcald\u00edas, regidur\u00edas, sindicaturas, contengan acciones afirmativas para detonar que una parte sustancial de esas dichas candidaturas sean viables para l\u00edderes ajenas a clase pol\u00edtica\u201d.<br><\/p>\n\n\n\n<p>El exgobernador de Oaxaca, Alejandro Murat, anunci\u00f3 que ya no competir\u00e1 por la Presidencia de la Rep\u00fablica.<br><\/p>\n\n\n\n<p>\u201cHoy reconozco que ya hay un m\u00e9todo y siempre que se avance en democracia, M\u00e9xico gana, pero tambi\u00e9n congruente con mis convicciones y mis principios, debo reconocer que este m\u00e9todo deja m\u00e1s dudas que certezas; es por eso que por respeto a todos los partidos pol\u00edticos, incluyendo mi partido y a las mexicanas y mexicanos que participan en este proceso, quiero informarles que he decidido no participar\u201d, dijo mediante un mensaje en redes sociales.<br><\/p>\n\n\n\n<p>Expres\u00f3 que \u201ca quien decida participar le deseo el mayor de los \u00e9xitos\u201d.<\/p>\n","protected":false},"excerpt":{"rendered":"<p>Gustavo de Hoyos y Alejandro Murat se bajan de carrera presidencial; de Hoyos se\u00f1al\u00f3 que el no tener militancia partidista lo pone en desventaja, mientras que Murat asegur\u00f3 que en el m\u00e9todo de elecci\u00f3n deja m\u00e1s dudas que certezas. El empresario exl\u00edder de la Confederaci\u00f3n Patronal de la Rep\u00fablica Mexicana (Coparmex), Gustavo de Hoyos y [&hellip;]<\/p>\n","protected":false},"author":1,"featured_media":30343,"comment_status":"closed","ping_status":"closed","sticky":false,"template":"","format":"standard","meta":{"footnotes":""},"categories":[34],"tags":[],"class_list":["post-30342","post","type-post","status-publish","format-standard","has-post-thumbnail","hentry","category-nacional"],"_links":{"self":[{"href":"https:\/\/elinformante.mx\/index.php?rest_route=\/wp\/v2\/posts\/30342","targetHints":{"allow":["GET"]}}],"collection":[{"href":"https:\/\/elinformante.mx\/index.php?rest_route=\/wp\/v2\/posts"}],"about":[{"href":"https:\/\/elinformante.mx\/index.php?rest_route=\/wp\/v2\/types\/post"}],"author":[{"embeddable":true,"href":"https:\/\/elinformante.mx\/index.php?rest_route=\/wp\/v2\/users\/1"}],"replies":[{"embeddable":true,"href":"https:\/\/elinformante.mx\/index.php?rest_route=%2Fwp%2Fv2%2Fcomments&post=30342"}],"version-history":[{"count":0,"href":"https:\/\/elinformante.mx\/index.php?rest_route=\/wp\/v2\/posts\/30342\/revisions"}],"wp:featuredmedia":[{"embeddable":true,"href":"https:\/\/elinformante.mx\/index.php?rest_route=\/wp\/v2\/media\/30343"}],"wp:attachment":[{"href":"https:\/\/elinformante.mx\/index.php?rest_route=%2Fwp%2Fv2%2Fmedia&parent=30342"}],"wp:term":[{"taxonomy":"category","embeddable":true,"href":"https:\/\/elinformante.mx\/index.php?rest_route=%2Fwp%2Fv2%2Fcategories&post=30342"},{"taxonomy":"post_tag","embeddable":true,"href":"https:\/\/elinformante.mx\/index.php?rest_route=%2Fwp%2Fv2%2Ftags&post=30342"}],"curies":[{"name":"wp","href":"https:\/\/api.w.org\/{rel}","templated":true}]}}