{"id":30348,"date":"2023-07-03T15:43:19","date_gmt":"2023-07-03T15:43:19","guid":{"rendered":"https:\/\/elinformante.mx\/?p=30348"},"modified":"2023-07-04T03:26:44","modified_gmt":"2023-07-04T03:26:44","slug":"impera-paz-laboral-en-el-edomex","status":"publish","type":"post","link":"https:\/\/elinformante.mx\/?p=30348","title":{"rendered":"Impera paz laboral en el Edom\u00e9x"},"content":{"rendered":"\n<blockquote class=\"wp-block-quote is-layout-flow wp-block-quote-is-layout-flow\">\n<p>Participa Secretaria del Trabajo, Maribel G\u00f3ngora Espinosa, en la Sesi\u00f3n Empresarial y de Negocios de Coparmex Metropolitano \u201cDemocracia Sindical\u201d.<\/p>\n<\/blockquote>\n\n\n\n<p>Debido al compromiso que han manifestado los factores de la producci\u00f3n como son los sindicatos y empleadores, en el Estado de M\u00e9xico se ha mantenido la paz laboral y en los \u00faltimos 18 a\u00f1os no se han registrado huelgas.<br><\/p>\n\n\n\n<p>As\u00ed lo manifest\u00f3 la Secretaria de Trabajo, Maribel G\u00f3ngora Espinosa, quien agreg\u00f3 que hay certidumbre para que los inversionistas se instalen en territorio mexiquense y generen fuentes de trabajo.<br><\/p>\n\n\n\n<p>Durante su participaci\u00f3n en la Sesi\u00f3n Empresarial y de Negocios denominada \u201cDemocracia Sindical\u201d, organizada por la Coparmex Metropolitana, resalt\u00f3 la participaci\u00f3n activa y responsable de los sindicatos y sus trabajadores en esta nueva realidad laboral, as\u00ed como de los empleadores, quienes son los que reactivan la econom\u00eda y generan los empleos.<br><\/p>\n\n\n\n<figure class=\"wp-block-image size-large\"><img fetchpriority=\"high\" decoding=\"async\" width=\"1024\" height=\"503\" src=\"https:\/\/elinformante.mx\/wp-content\/uploads\/2023\/07\/impera-2-1024x503.jpg\" alt=\"\" class=\"wp-image-30350\" srcset=\"https:\/\/elinformante.mx\/wp-content\/uploads\/2023\/07\/impera-2-1024x503.jpg 1024w, https:\/\/elinformante.mx\/wp-content\/uploads\/2023\/07\/impera-2-300x147.jpg 300w, https:\/\/elinformante.mx\/wp-content\/uploads\/2023\/07\/impera-2-768x377.jpg 768w, https:\/\/elinformante.mx\/wp-content\/uploads\/2023\/07\/impera-2-580x285.jpg 580w, https:\/\/elinformante.mx\/wp-content\/uploads\/2023\/07\/impera-2-860x422.jpg 860w, https:\/\/elinformante.mx\/wp-content\/uploads\/2023\/07\/impera-2.jpg 1140w\" sizes=\"(max-width: 1024px) 100vw, 1024px\" \/><\/figure>\n\n\n\n<p>Subray\u00f3 que cuando dentro de una empresa hay armon\u00eda entre los trabajadores, a trav\u00e9s de sus l\u00edderes y los empleadores, a la entidad le va bien, por lo que debe continuar en ese camino en beneficio de los mexiquenses.<br><\/p>\n\n\n\n<p>G\u00f3ngora Espinosa dijo que se debe continuar abonando al buen entendimiento entre trabajadores y empleadores, cada uno dando cumplimiento a las nuevas disposiciones en materia laboral, ante las reformas que se han llevado a cabo en el \u00e1mbito federal.<br><\/p>\n\n\n\n<p>La Secretaria del Trabajo dijo que, como parte de la Reforma Laboral, se cre\u00f3 el Centro de Conciliaci\u00f3n Laboral del Estado de M\u00e9xico (CCLEM) y los Juzgados Laborales, dependientes del Poder Judicial, en donde se dirimen las controversias entre trabajadores y empleadores con resultados positivos para ambas partes.<br><\/p>\n\n\n\n<p>Al dar la bienvenida, el Presidente de Coparmex Metropolitano, Erick Fernando Cuenca Gurrola, resalt\u00f3 la buena relaci\u00f3n que se tiene con los l\u00edderes sindicales, a partir de acuerdos que han beneficiado tanto a los trabajadores como a los empresarios.<\/p>\n","protected":false},"excerpt":{"rendered":"<p>Participa Secretaria del Trabajo, Maribel G\u00f3ngora Espinosa, en la Sesi\u00f3n Empresarial y de Negocios de Coparmex Metropolitano \u201cDemocracia Sindical\u201d. Debido al compromiso que han manifestado los factores de la producci\u00f3n como son los sindicatos y empleadores, en el Estado de M\u00e9xico se ha mantenido la paz laboral y en los \u00faltimos 18 a\u00f1os no se [&hellip;]<\/p>\n","protected":false},"author":1,"featured_media":30349,"comment_status":"closed","ping_status":"closed","sticky":false,"template":"","format":"standard","meta":{"footnotes":""},"categories":[30,31],"tags":[],"class_list":["post-30348","post","type-post","status-publish","format-standard","has-post-thumbnail","hentry","category-destacado","category-portada"],"_links":{"self":[{"href":"https:\/\/elinformante.mx\/index.php?rest_route=\/wp\/v2\/posts\/30348","targetHints":{"allow":["GET"]}}],"collection":[{"href":"https:\/\/elinformante.mx\/index.php?rest_route=\/wp\/v2\/posts"}],"about":[{"href":"https:\/\/elinformante.mx\/index.php?rest_route=\/wp\/v2\/types\/post"}],"author":[{"embeddable":true,"href":"https:\/\/elinformante.mx\/index.php?rest_route=\/wp\/v2\/users\/1"}],"replies":[{"embeddable":true,"href":"https:\/\/elinformante.mx\/index.php?rest_route=%2Fwp%2Fv2%2Fcomments&post=30348"}],"version-history":[{"count":0,"href":"https:\/\/elinformante.mx\/index.php?rest_route=\/wp\/v2\/posts\/30348\/revisions"}],"wp:featuredmedia":[{"embeddable":true,"href":"https:\/\/elinformante.mx\/index.php?rest_route=\/wp\/v2\/media\/30349"}],"wp:attachment":[{"href":"https:\/\/elinformante.mx\/index.php?rest_route=%2Fwp%2Fv2%2Fmedia&parent=30348"}],"wp:term":[{"taxonomy":"category","embeddable":true,"href":"https:\/\/elinformante.mx\/index.php?rest_route=%2Fwp%2Fv2%2Fcategories&post=30348"},{"taxonomy":"post_tag","embeddable":true,"href":"https:\/\/elinformante.mx\/index.php?rest_route=%2Fwp%2Fv2%2Ftags&post=30348"}],"curies":[{"name":"wp","href":"https:\/\/api.w.org\/{rel}","templated":true}]}}