{"id":30363,"date":"2023-07-04T13:23:42","date_gmt":"2023-07-04T13:23:42","guid":{"rendered":"https:\/\/elinformante.mx\/?p=30363"},"modified":"2023-07-04T13:23:43","modified_gmt":"2023-07-04T13:23:43","slug":"concluyen-conferencias-para-fortalecer-el-turismo-de-reuniones-y-negocios","status":"publish","type":"post","link":"https:\/\/elinformante.mx\/?p=30363","title":{"rendered":"Concluyen conferencias para fortalecer el turismo de reuniones y negocios"},"content":{"rendered":"\n<blockquote class=\"wp-block-quote is-layout-flow wp-block-quote-is-layout-flow\">\n<p class=\"wp-block-paragraph\">Fortalecen a municipios con vocaci\u00f3n en la industria de reuniones como Toluca, Metepec, Valle de Bravo, Naucalpan, Tlalnepantla e Ixtapan de la Sal.<\/p>\n<\/blockquote>\n\n\n\n<p class=\"wp-block-paragraph\">El turismo es uno de los principales ejes del Gobierno del Estado de M\u00e9xico, por ello, la Secretar\u00eda de Cultura y Turismo organiz\u00f3 un ciclo de conferencias con el objetivo de fortalecer el Turismo de Reuniones y Negocios en los municipios con vocaci\u00f3n tur\u00edstica en este ramo, como Toluca, Metepec, Naucalpan, Tlalnepantla, Valle de Bravo e Ixtapan de la Sal.<br><\/p>\n\n\n\n<p class=\"wp-block-paragraph\">Organizado por la Subsecretar\u00eda de Turismo, este ciclo centr\u00f3 su objetivo en apoyar y fortalecer a la cadena de valor tur\u00edstica con relaci\u00f3n al Turismo de reuniones y negocios, para identificar las fortalezas y \u00e1reas de oportunidad de esta industria, en beneficio de hoteleros, restauranteros, agencias de viaje, jardines, haciendas o salones para eventos, centros de convenciones y organizadores de eventos.<br><\/p>\n\n\n\n<p class=\"wp-block-paragraph\">El cierre de estas conferencias tuvo lugar en el Pueblo M\u00e1gico de Ixtapan de la Sal, con la conferencia \u201cLa importancia del Aeropuerto Internacional de Toluca (AIT) en el fortalecimiento de las empresas del Estado de M\u00e9xico\u201d, impartida por Federico Misael \u00c1lvarez D\u00e1vila, Director Comercial del AIT.<br><\/p>\n\n\n\n<p class=\"wp-block-paragraph\">El conferencista enfatiz\u00f3 que, la industria aeron\u00e1utica comercial genera un alto desarrollo econ\u00f3mico, social y sostenible, generando m\u00e1s de 80 millones de empleos en todo el mundo.<br><\/p>\n\n\n\n<figure class=\"wp-block-image size-large\"><img fetchpriority=\"high\" decoding=\"async\" width=\"1024\" height=\"503\" src=\"https:\/\/elinformante.mx\/wp-content\/uploads\/2023\/07\/concluyen-1024x503.jpg\" alt=\"\" class=\"wp-image-30365\" srcset=\"https:\/\/elinformante.mx\/wp-content\/uploads\/2023\/07\/concluyen-1024x503.jpg 1024w, https:\/\/elinformante.mx\/wp-content\/uploads\/2023\/07\/concluyen-300x147.jpg 300w, https:\/\/elinformante.mx\/wp-content\/uploads\/2023\/07\/concluyen-768x377.jpg 768w, https:\/\/elinformante.mx\/wp-content\/uploads\/2023\/07\/concluyen-580x285.jpg 580w, https:\/\/elinformante.mx\/wp-content\/uploads\/2023\/07\/concluyen-860x422.jpg 860w, https:\/\/elinformante.mx\/wp-content\/uploads\/2023\/07\/concluyen.jpg 1140w\" sizes=\"(max-width: 1024px) 100vw, 1024px\" \/><\/figure>\n\n\n\n<p class=\"wp-block-paragraph\">M\u00e1s de 3 mil 200 pasajeros vuelan al a\u00f1o y el 35 por ciento de los productos que se comercializan en el mercado son transportados o enviados por avi\u00f3n, por ello, el Aeropuerto Internacional de Toluca representa un aliado estrat\u00e9gico para las y los empresarios del Estado de M\u00e9xico.<br><\/p>\n\n\n\n<p class=\"wp-block-paragraph\">Durante el evento se realiz\u00f3 una din\u00e1mica de Networking con la finalidad de generar relaciones significativas para que los empresarios generen alianzas que los ayuden a hacer crecer sus negocios a cargo de la Organizaci\u00f3n Business Network International (BNI).<br><\/p>\n\n\n\n<p class=\"wp-block-paragraph\">Finalmente, Alexa Reyes Nader, Directora General de Turismo de Reuniones de la Subsecretar\u00eda de Turismo, destac\u00f3 que este ciclo de conferencias busc\u00f3 promover la infraestructura con la que cuenta el Estado de M\u00e9xico para consolidar al Turismo de Reuniones.<br><\/p>\n\n\n\n<p class=\"wp-block-paragraph\">Resalt\u00f3 que la Subsecretar\u00eda de Turismo ha estado trabajando para visibilizar la importancia de este segmento, siendo el que m\u00e1s aporta a la derrama econ\u00f3mica del turismo en la entidad.<\/p>\n","protected":false},"excerpt":{"rendered":"<p>Fortalecen a municipios con vocaci\u00f3n en la industria de reuniones como Toluca, Metepec, Valle de Bravo, Naucalpan, Tlalnepantla e Ixtapan de la Sal. El turismo es uno de los principales ejes del Gobierno del Estado de M\u00e9xico, por ello, la Secretar\u00eda de Cultura y Turismo organiz\u00f3 un ciclo de conferencias con el objetivo de fortalecer [&hellip;]<\/p>\n","protected":false},"author":1,"featured_media":30364,"comment_status":"closed","ping_status":"closed","sticky":false,"template":"","format":"standard","meta":{"footnotes":""},"categories":[30,31],"tags":[],"class_list":["post-30363","post","type-post","status-publish","format-standard","has-post-thumbnail","hentry","category-destacado","category-portada"],"_links":{"self":[{"href":"https:\/\/elinformante.mx\/index.php?rest_route=\/wp\/v2\/posts\/30363","targetHints":{"allow":["GET"]}}],"collection":[{"href":"https:\/\/elinformante.mx\/index.php?rest_route=\/wp\/v2\/posts"}],"about":[{"href":"https:\/\/elinformante.mx\/index.php?rest_route=\/wp\/v2\/types\/post"}],"author":[{"embeddable":true,"href":"https:\/\/elinformante.mx\/index.php?rest_route=\/wp\/v2\/users\/1"}],"replies":[{"embeddable":true,"href":"https:\/\/elinformante.mx\/index.php?rest_route=%2Fwp%2Fv2%2Fcomments&post=30363"}],"version-history":[{"count":0,"href":"https:\/\/elinformante.mx\/index.php?rest_route=\/wp\/v2\/posts\/30363\/revisions"}],"wp:featuredmedia":[{"embeddable":true,"href":"https:\/\/elinformante.mx\/index.php?rest_route=\/wp\/v2\/media\/30364"}],"wp:attachment":[{"href":"https:\/\/elinformante.mx\/index.php?rest_route=%2Fwp%2Fv2%2Fmedia&parent=30363"}],"wp:term":[{"taxonomy":"category","embeddable":true,"href":"https:\/\/elinformante.mx\/index.php?rest_route=%2Fwp%2Fv2%2Fcategories&post=30363"},{"taxonomy":"post_tag","embeddable":true,"href":"https:\/\/elinformante.mx\/index.php?rest_route=%2Fwp%2Fv2%2Ftags&post=30363"}],"curies":[{"name":"wp","href":"https:\/\/api.w.org\/{rel}","templated":true}]}}