{"id":30367,"date":"2023-07-04T13:25:50","date_gmt":"2023-07-04T13:25:50","guid":{"rendered":"https:\/\/elinformante.mx\/?p=30367"},"modified":"2023-07-04T13:25:51","modified_gmt":"2023-07-04T13:25:51","slug":"tren-interurbano-sera-detonador-del-desarrollo-delfina-gomez","status":"publish","type":"post","link":"https:\/\/elinformante.mx\/?p=30367","title":{"rendered":"Tren Interurbano ser\u00e1 detonador del desarrollo: Delfina G\u00f3mez"},"content":{"rendered":"\n<blockquote class=\"wp-block-quote is-layout-flow wp-block-quote-is-layout-flow\">\n<p class=\"wp-block-paragraph\">El Tren ser\u00e1 una opci\u00f3n m\u00e1s para trasladarse de Toluca a la Ciudad de M\u00e9xico y viceversa.<\/p>\n<\/blockquote>\n\n\n\n<p class=\"wp-block-paragraph\">La virtual gobernadora del Estado de M\u00e9xico, Delfina G\u00f3mez \u00c1lvarez, consider\u00f3 que la conclusi\u00f3n de la obra del Tren Interurbano M\u00e9xico\u2013Toluca ser\u00e1 uno de los m\u00e1s grandes detonadores de desarrollo, empleo y movilidad para los habitantes del Estado de M\u00e9xico.<br><\/p>\n\n\n\n<p class=\"wp-block-paragraph\">Mediante comunicado de prensa, se indic\u00f3 que durante el recorrido de supervisi\u00f3n de la obra, encabezado por el presidente Andr\u00e9s Manuel L\u00f3pez Obrador, la gobernadora electa sostuvo que con este transporte ferroviario se acortar\u00e1 el tiempo de traslado a casi 40 minutos de la Zona Metropolitana de Toluca al poniente de la Ciudad de M\u00e9xico.<br><\/p>\n\n\n\n<p class=\"wp-block-paragraph\">\u201cLa construcci\u00f3n del Tren Interurbano es un detonante de desarrollo en el Estado de M\u00e9xico, pues genera empleos y tendr\u00e1 un impacto positivo tanto en la movilidad, como en el medio ambiente.<br><\/p>\n\n\n\n<figure class=\"wp-block-image size-large\"><img fetchpriority=\"high\" decoding=\"async\" width=\"1024\" height=\"503\" src=\"https:\/\/elinformante.mx\/wp-content\/uploads\/2023\/07\/Untitled-2-trem-3-1024x503.jpg\" alt=\"\" class=\"wp-image-30369\" srcset=\"https:\/\/elinformante.mx\/wp-content\/uploads\/2023\/07\/Untitled-2-trem-3-1024x503.jpg 1024w, https:\/\/elinformante.mx\/wp-content\/uploads\/2023\/07\/Untitled-2-trem-3-300x147.jpg 300w, https:\/\/elinformante.mx\/wp-content\/uploads\/2023\/07\/Untitled-2-trem-3-768x377.jpg 768w, https:\/\/elinformante.mx\/wp-content\/uploads\/2023\/07\/Untitled-2-trem-3-580x285.jpg 580w, https:\/\/elinformante.mx\/wp-content\/uploads\/2023\/07\/Untitled-2-trem-3-860x422.jpg 860w, https:\/\/elinformante.mx\/wp-content\/uploads\/2023\/07\/Untitled-2-trem-3.jpg 1140w\" sizes=\"(max-width: 1024px) 100vw, 1024px\" \/><\/figure>\n\n\n\n<p class=\"wp-block-paragraph\">\u201cAdem\u00e1s, miles de personas ser\u00e1n beneficiadas acortando los tiempos de traslado hacia y desde la capital del pa\u00eds, mejorando su calidad de vida\u201d.<br><\/p>\n\n\n\n<p class=\"wp-block-paragraph\">El Tren Interurbano, obra que dej\u00f3 inconclusa el gobierno de Enrique Pe\u00f1a Nieto, dar\u00e1 servicio a m\u00e1s de 230 mil personas al d\u00eda y tendr\u00e1 una longitud total de 57.8 kil\u00f3metros.<br><\/p>\n\n\n\n<p class=\"wp-block-paragraph\">El mismo comunicado destaca que contar\u00e1 con siete estaciones, dos terminales en Zinacantepec y Observatorio; y tendr\u00e1 5 estaciones intermedias: Pino Su\u00e1rez, Tecnol\u00f3gico y Lerma en el Estado de M\u00e9xico, y en la CDMX las estaciones Santa Fe y Vasco de Quiroga.<br><\/p>\n\n\n\n<p class=\"wp-block-paragraph\">El bolet\u00edn se\u00f1ala que en el recorrido tambi\u00e9n estuvo presente el actual gobernador del Estado de M\u00e9xico, Alfredo del Mazo Maza.<\/p>\n\n\n\n<figure class=\"wp-block-image size-large\"><img decoding=\"async\" width=\"1024\" height=\"503\" src=\"https:\/\/elinformante.mx\/wp-content\/uploads\/2023\/07\/tren-2-1024x503.jpg\" alt=\"\" class=\"wp-image-30370\" srcset=\"https:\/\/elinformante.mx\/wp-content\/uploads\/2023\/07\/tren-2-1024x503.jpg 1024w, https:\/\/elinformante.mx\/wp-content\/uploads\/2023\/07\/tren-2-300x147.jpg 300w, https:\/\/elinformante.mx\/wp-content\/uploads\/2023\/07\/tren-2-768x377.jpg 768w, https:\/\/elinformante.mx\/wp-content\/uploads\/2023\/07\/tren-2-580x285.jpg 580w, https:\/\/elinformante.mx\/wp-content\/uploads\/2023\/07\/tren-2-860x422.jpg 860w, https:\/\/elinformante.mx\/wp-content\/uploads\/2023\/07\/tren-2.jpg 1140w\" sizes=\"(max-width: 1024px) 100vw, 1024px\" \/><\/figure>\n","protected":false},"excerpt":{"rendered":"<p>El Tren ser\u00e1 una opci\u00f3n m\u00e1s para trasladarse de Toluca a la Ciudad de M\u00e9xico y viceversa. La virtual gobernadora del Estado de M\u00e9xico, Delfina G\u00f3mez \u00c1lvarez, consider\u00f3 que la conclusi\u00f3n de la obra del Tren Interurbano M\u00e9xico\u2013Toluca ser\u00e1 uno de los m\u00e1s grandes detonadores de desarrollo, empleo y movilidad para los habitantes del Estado [&hellip;]<\/p>\n","protected":false},"author":1,"featured_media":30368,"comment_status":"closed","ping_status":"closed","sticky":false,"template":"","format":"standard","meta":{"footnotes":""},"categories":[30,31],"tags":[],"class_list":["post-30367","post","type-post","status-publish","format-standard","has-post-thumbnail","hentry","category-destacado","category-portada"],"_links":{"self":[{"href":"https:\/\/elinformante.mx\/index.php?rest_route=\/wp\/v2\/posts\/30367","targetHints":{"allow":["GET"]}}],"collection":[{"href":"https:\/\/elinformante.mx\/index.php?rest_route=\/wp\/v2\/posts"}],"about":[{"href":"https:\/\/elinformante.mx\/index.php?rest_route=\/wp\/v2\/types\/post"}],"author":[{"embeddable":true,"href":"https:\/\/elinformante.mx\/index.php?rest_route=\/wp\/v2\/users\/1"}],"replies":[{"embeddable":true,"href":"https:\/\/elinformante.mx\/index.php?rest_route=%2Fwp%2Fv2%2Fcomments&post=30367"}],"version-history":[{"count":0,"href":"https:\/\/elinformante.mx\/index.php?rest_route=\/wp\/v2\/posts\/30367\/revisions"}],"wp:featuredmedia":[{"embeddable":true,"href":"https:\/\/elinformante.mx\/index.php?rest_route=\/wp\/v2\/media\/30368"}],"wp:attachment":[{"href":"https:\/\/elinformante.mx\/index.php?rest_route=%2Fwp%2Fv2%2Fmedia&parent=30367"}],"wp:term":[{"taxonomy":"category","embeddable":true,"href":"https:\/\/elinformante.mx\/index.php?rest_route=%2Fwp%2Fv2%2Fcategories&post=30367"},{"taxonomy":"post_tag","embeddable":true,"href":"https:\/\/elinformante.mx\/index.php?rest_route=%2Fwp%2Fv2%2Ftags&post=30367"}],"curies":[{"name":"wp","href":"https:\/\/api.w.org\/{rel}","templated":true}]}}