{"id":30372,"date":"2023-07-04T13:28:38","date_gmt":"2023-07-04T13:28:38","guid":{"rendered":"https:\/\/elinformante.mx\/?p=30372"},"modified":"2023-07-04T13:28:39","modified_gmt":"2023-07-04T13:28:39","slug":"cuando-vea-una-canallada-en-mi-contra-podria-tomar-otra-ruta-ebrard","status":"publish","type":"post","link":"https:\/\/elinformante.mx\/?p=30372","title":{"rendered":"Cuando vea una \u201ccanallada\u201d en mi contra, podr\u00eda tomar otra ruta: Ebrard"},"content":{"rendered":"\n<blockquote class=\"wp-block-quote is-layout-flow wp-block-quote-is-layout-flow\">\n<p class=\"wp-block-paragraph\">El excanciller advirti\u00f3 que, si hubiera una mala jugada hacia los aspirantes y no fuera un proceso limpio, entonces alzar\u00eda la voz para denunciarlo, pero confi\u00f3 en que no ser\u00e1 necesario.<\/p>\n<\/blockquote>\n\n\n\n<p class=\"wp-block-paragraph\">Aunque en este momento no ve nada irregular, Marcelo Ebrard asegur\u00f3 que cuando vea una \u201ccanallada\u201d hacia \u00e9l, entonces s\u00ed podr\u00eda tomar otra ruta.<br><\/p>\n\n\n\n<p class=\"wp-block-paragraph\">En conferencia de prensa, se\u00f1al\u00f3 que \u201cuna chicanada\u201d ser\u00eda \u201cmostrar un resultado de la encuesta que no lo es y esa ser\u00eda una raz\u00f3n para no aceptar el proceso\u201d.<br><\/p>\n\n\n\n<p class=\"wp-block-paragraph\">El excanciller advirti\u00f3 que si hubiera una mala jugada hacia los aspirantes y no fuera un proceso limpio, entonces alzar\u00eda la voz para denunciarlo, pero confi\u00f3 en que no ser\u00e1 necesario.<br><\/p>\n\n\n\n<p class=\"wp-block-paragraph\">\u201cSi me hacen una canallada no lo voy a permitir, pero es un caso que no veo. Solo si llegar\u00e1 a suceder\u201d, respondi\u00f3 a pregunta expresa luego de darlo a conocer en la entrevista que se public\u00f3 este lunes en La Jornada.<br><\/p>\n\n\n\n<p class=\"wp-block-paragraph\">Ebrard tambi\u00e9n coment\u00f3 que han analizado a las encuestadoras y hay algunas que est\u00e1n en una especie de lista negra porque \u201cno son precisas y eso lo vemos todos\u201d y aunque no dijo cu\u00e1ndo, se\u00f1al\u00f3 que revelar\u00e1 cu\u00e1les son dichas encuestadoras que se equivocan porque carecen de precisi\u00f3n.<\/p>\n","protected":false},"excerpt":{"rendered":"<p>El excanciller advirti\u00f3 que, si hubiera una mala jugada hacia los aspirantes y no fuera un proceso limpio, entonces alzar\u00eda la voz para denunciarlo, pero confi\u00f3 en que no ser\u00e1 necesario. Aunque en este momento no ve nada irregular, Marcelo Ebrard asegur\u00f3 que cuando vea una \u201ccanallada\u201d hacia \u00e9l, entonces s\u00ed podr\u00eda tomar otra ruta. [&hellip;]<\/p>\n","protected":false},"author":1,"featured_media":30373,"comment_status":"closed","ping_status":"closed","sticky":false,"template":"","format":"standard","meta":{"footnotes":""},"categories":[30,31],"tags":[],"class_list":["post-30372","post","type-post","status-publish","format-standard","has-post-thumbnail","hentry","category-destacado","category-portada"],"_links":{"self":[{"href":"https:\/\/elinformante.mx\/index.php?rest_route=\/wp\/v2\/posts\/30372","targetHints":{"allow":["GET"]}}],"collection":[{"href":"https:\/\/elinformante.mx\/index.php?rest_route=\/wp\/v2\/posts"}],"about":[{"href":"https:\/\/elinformante.mx\/index.php?rest_route=\/wp\/v2\/types\/post"}],"author":[{"embeddable":true,"href":"https:\/\/elinformante.mx\/index.php?rest_route=\/wp\/v2\/users\/1"}],"replies":[{"embeddable":true,"href":"https:\/\/elinformante.mx\/index.php?rest_route=%2Fwp%2Fv2%2Fcomments&post=30372"}],"version-history":[{"count":0,"href":"https:\/\/elinformante.mx\/index.php?rest_route=\/wp\/v2\/posts\/30372\/revisions"}],"wp:featuredmedia":[{"embeddable":true,"href":"https:\/\/elinformante.mx\/index.php?rest_route=\/wp\/v2\/media\/30373"}],"wp:attachment":[{"href":"https:\/\/elinformante.mx\/index.php?rest_route=%2Fwp%2Fv2%2Fmedia&parent=30372"}],"wp:term":[{"taxonomy":"category","embeddable":true,"href":"https:\/\/elinformante.mx\/index.php?rest_route=%2Fwp%2Fv2%2Fcategories&post=30372"},{"taxonomy":"post_tag","embeddable":true,"href":"https:\/\/elinformante.mx\/index.php?rest_route=%2Fwp%2Fv2%2Ftags&post=30372"}],"curies":[{"name":"wp","href":"https:\/\/api.w.org\/{rel}","templated":true}]}}