{"id":30375,"date":"2023-07-04T13:32:43","date_gmt":"2023-07-04T13:32:43","guid":{"rendered":"https:\/\/elinformante.mx\/?p=30375"},"modified":"2023-07-04T13:32:44","modified_gmt":"2023-07-04T13:32:44","slug":"agoniza-el-pri-osorio-chong-y-sus-cercanos-abandonan-el-partido-de-alito-moreno","status":"publish","type":"post","link":"https:\/\/elinformante.mx\/?p=30375","title":{"rendered":"AGONIZA EL PRI; OSORIO CHONG Y SUS CERCANOS ABANDONAN EL PARTIDO DE ALITO MORENO"},"content":{"rendered":"\n<blockquote class=\"wp-block-quote is-layout-flow wp-block-quote-is-layout-flow\">\n<p class=\"wp-block-paragraph\">Miguel \u00c1ngel Osorio Chong, Claudia Ruiz Massieu, Eruviel \u00c1vila, Nuvia Mayorga y Diva Gast\u00e9lum dejan el tricolor a un a\u00f1o de las elecciones.<\/p>\n<\/blockquote>\n\n\n\n<p class=\"wp-block-paragraph\">Miguel \u00c1ngel Osorio Chong renunci\u00f3 al Partido Revolucionario Institucional (PRI), ello derivado del contexto pol\u00edtico que enarbola a su figura y a su instituto, pues sus diferencias con el liderazgo de Alejandro \u201cAlito\u201d Moreno son irreconciliables.<br><\/p>\n\n\n\n<p class=\"wp-block-paragraph\">Durante una rueda de prensa celebrada este lunes 3 de julio, el tambi\u00e9n ex secretario de Gobernaci\u00f3n (Segob) durante el sexenio de Enrique Pe\u00f1a Nieto conden\u00f3 el liderazgo de Moreno C\u00e1rdenas: \u201clo destruy\u00f3 todo\u201d, sostuvo. Para sostener esa afirmaci\u00f3n, record\u00f3 las acciones recientes de Alito, quien se empe\u00f1\u00f3 en concentrar el poder al interior del tricolor.<br><\/p>\n\n\n\n<p class=\"wp-block-paragraph\">Por ello, acompa\u00f1ado de Claudia Ruiz Massieu y otras figuras priistas, fij\u00f3 postura contra la dirigencia actual del partido y record\u00f3 las derrotas del PRI en casi todos los procesos donde Moreno C\u00e1rdenas meti\u00f3 sus manos; sin embargo, donde m\u00e1s puso su acento fue en la divisi\u00f3n interna del Revolucionario Institucional, pues, a sus ojos, Alito concentr\u00f3 mucho poder en pocas personas, limitando a las bases partidarias y la militancia.<br><\/p>\n\n\n\n<figure class=\"wp-block-image size-large\"><img fetchpriority=\"high\" decoding=\"async\" width=\"1024\" height=\"503\" src=\"https:\/\/elinformante.mx\/wp-content\/uploads\/2023\/07\/agoniza-3-1024x503.jpg\" alt=\"\" class=\"wp-image-30377\" srcset=\"https:\/\/elinformante.mx\/wp-content\/uploads\/2023\/07\/agoniza-3-1024x503.jpg 1024w, https:\/\/elinformante.mx\/wp-content\/uploads\/2023\/07\/agoniza-3-300x147.jpg 300w, https:\/\/elinformante.mx\/wp-content\/uploads\/2023\/07\/agoniza-3-768x377.jpg 768w, https:\/\/elinformante.mx\/wp-content\/uploads\/2023\/07\/agoniza-3-580x285.jpg 580w, https:\/\/elinformante.mx\/wp-content\/uploads\/2023\/07\/agoniza-3-860x422.jpg 860w, https:\/\/elinformante.mx\/wp-content\/uploads\/2023\/07\/agoniza-3.jpg 1140w\" sizes=\"(max-width: 1024px) 100vw, 1024px\" \/><\/figure>\n\n\n\n<p class=\"wp-block-paragraph\">Bajo la premisa de promover el movimiento \u201cCongruencia por M\u00e9xico\u201d, Claudia Ruiz Massieu, Eruviel \u00c1vila, Nuvia Mayorga y Diva Gast\u00e9lum se sumaron a Osorio Chong y anunciaron su renuncia del partido. Todos ellos condenaron el caciquismo de Alito Moreno en el CEN del PRI y, aunque lamentaron renunciar a su partido, sostuvieron que fue por la p\u00e9rdida de identidad bajo la presidencia de Moreno C\u00e1rdenas.<br><\/p>\n\n\n\n<p class=\"wp-block-paragraph\">Finalmente, al momento de tomar la foto del cierre del evento, alrededor de medio centenar de priistas presumieron su carta de renuncia al partido, con lo cual se debilita una de las fuerzas que integran la coalici\u00f3n Va por M\u00e9xico. Asimismo, se destaca que al interior de la coalici\u00f3n se han presentado algunas tensiones para concretar el Frente Amplio por M\u00e9xico.<br><\/p>\n\n\n\n<figure class=\"wp-block-image size-large\"><img decoding=\"async\" width=\"1024\" height=\"503\" src=\"https:\/\/elinformante.mx\/wp-content\/uploads\/2023\/07\/alito-1024x503.jpg\" alt=\"\" class=\"wp-image-30378\" srcset=\"https:\/\/elinformante.mx\/wp-content\/uploads\/2023\/07\/alito-1024x503.jpg 1024w, https:\/\/elinformante.mx\/wp-content\/uploads\/2023\/07\/alito-300x147.jpg 300w, https:\/\/elinformante.mx\/wp-content\/uploads\/2023\/07\/alito-768x377.jpg 768w, https:\/\/elinformante.mx\/wp-content\/uploads\/2023\/07\/alito-580x285.jpg 580w, https:\/\/elinformante.mx\/wp-content\/uploads\/2023\/07\/alito-860x422.jpg 860w, https:\/\/elinformante.mx\/wp-content\/uploads\/2023\/07\/alito.jpg 1140w\" sizes=\"(max-width: 1024px) 100vw, 1024px\" \/><\/figure>\n\n\n\n<p class=\"wp-block-paragraph\">Cabe destacar que, con la salida de estos cinco senadores, el PRI se queda con una facci\u00f3n parlamentaria de s\u00f3lo ocho legisladores en la C\u00e1mara Alta y baja del tercero al cuarto lugar en cantidad de representaci\u00f3n; es decir, Movimiento Ciudadano (MC) ya tiene m\u00e1s representaci\u00f3n en el Senado.<br><\/p>\n\n\n\n<p class=\"wp-block-paragraph\">Con ello, el Senado queda de la siguiente forma: Morena, 59 senadores; PAN, 20; MC,12; PRI, ocho; PT, seis; PVEM, cinco; Congruencia por M\u00e9xico, cinco; GPP, cuatro; PES, cuatro; y PRD, tres.<br><\/p>\n\n\n\n<p class=\"wp-block-paragraph\">Por su cuenta, Rub\u00e9n Moreira, l\u00edder de la bancada del PRI en la C\u00e1mara de Diputados, se\u00f1al\u00f3 durante la ma\u00f1ana de este lunes que quien no est\u00e1 con el Frente Amplio por M\u00e9xico, est\u00e1 en su contra. Esto durante la ceremonia en que Va por M\u00e9xico present\u00f3 al Comit\u00e9 Organizador de su programa previo a las elecciones de 2024.<\/p>\n","protected":false},"excerpt":{"rendered":"<p>Miguel \u00c1ngel Osorio Chong, Claudia Ruiz Massieu, Eruviel \u00c1vila, Nuvia Mayorga y Diva Gast\u00e9lum dejan el tricolor a un a\u00f1o de las elecciones. Miguel \u00c1ngel Osorio Chong renunci\u00f3 al Partido Revolucionario Institucional (PRI), ello derivado del contexto pol\u00edtico que enarbola a su figura y a su instituto, pues sus diferencias con el liderazgo de Alejandro [&hellip;]<\/p>\n","protected":false},"author":1,"featured_media":30376,"comment_status":"closed","ping_status":"closed","sticky":false,"template":"","format":"standard","meta":{"footnotes":""},"categories":[30,31],"tags":[],"class_list":["post-30375","post","type-post","status-publish","format-standard","has-post-thumbnail","hentry","category-destacado","category-portada"],"_links":{"self":[{"href":"https:\/\/elinformante.mx\/index.php?rest_route=\/wp\/v2\/posts\/30375","targetHints":{"allow":["GET"]}}],"collection":[{"href":"https:\/\/elinformante.mx\/index.php?rest_route=\/wp\/v2\/posts"}],"about":[{"href":"https:\/\/elinformante.mx\/index.php?rest_route=\/wp\/v2\/types\/post"}],"author":[{"embeddable":true,"href":"https:\/\/elinformante.mx\/index.php?rest_route=\/wp\/v2\/users\/1"}],"replies":[{"embeddable":true,"href":"https:\/\/elinformante.mx\/index.php?rest_route=%2Fwp%2Fv2%2Fcomments&post=30375"}],"version-history":[{"count":0,"href":"https:\/\/elinformante.mx\/index.php?rest_route=\/wp\/v2\/posts\/30375\/revisions"}],"wp:featuredmedia":[{"embeddable":true,"href":"https:\/\/elinformante.mx\/index.php?rest_route=\/wp\/v2\/media\/30376"}],"wp:attachment":[{"href":"https:\/\/elinformante.mx\/index.php?rest_route=%2Fwp%2Fv2%2Fmedia&parent=30375"}],"wp:term":[{"taxonomy":"category","embeddable":true,"href":"https:\/\/elinformante.mx\/index.php?rest_route=%2Fwp%2Fv2%2Fcategories&post=30375"},{"taxonomy":"post_tag","embeddable":true,"href":"https:\/\/elinformante.mx\/index.php?rest_route=%2Fwp%2Fv2%2Ftags&post=30375"}],"curies":[{"name":"wp","href":"https:\/\/api.w.org\/{rel}","templated":true}]}}