{"id":30384,"date":"2023-07-04T13:55:55","date_gmt":"2023-07-04T13:55:55","guid":{"rendered":"https:\/\/elinformante.mx\/?p=30384"},"modified":"2023-07-04T13:55:56","modified_gmt":"2023-07-04T13:55:56","slug":"mario-vargas-llosa-es-hospitalizado-por-nuevo-contagio-de-covid-19","status":"publish","type":"post","link":"https:\/\/elinformante.mx\/?p=30384","title":{"rendered":"Mario Vargas Llosa es hospitalizado por nuevo contagio de covid-19"},"content":{"rendered":"\n<blockquote class=\"wp-block-quote is-layout-flow wp-block-quote-is-layout-flow\">\n<p class=\"wp-block-paragraph\">El escritor peruano se encuentra nuevamente delicado de salud, pues se contagi\u00f3 de coronavirus a sus 87 a\u00f1os.<\/p>\n<\/blockquote>\n\n\n\n<p class=\"wp-block-paragraph\">Mario Vargas Llosa desat\u00f3 nuevamente preocupaci\u00f3n entre la comunidad de literatura y el mundo entero, pues otra vez ha sido internado debido a un contagio de coronavirus; cabe destacar que es la segunda vez que lo padece.<br><\/p>\n\n\n\n<p class=\"wp-block-paragraph\">El escritor peruano tiene actualmente 87 a\u00f1os y fueron \u00c1lvaro, Gonzalo y Morgana Vargas Llosa quienes confirmaron que \u201cest\u00e1 hospitalizado desde el s\u00e1bado tras hab\u00e9rsele diagnosticado el covid-19\u201d; pero dejaron claro que solamente lo daban a conocer \u201cen vista del inter\u00e9s de los medios por el estado de salud\u201d.<br><\/p>\n\n\n\n<p class=\"wp-block-paragraph\">La familia tampoco dio a conocer en qu\u00e9 cl\u00ednica m\u00e9dica se encuentra actualmente el novelista, sin embargo, se sabe que recientemente visit\u00f3 Per\u00fa y se le vio acompa\u00f1ado de sus hijos y ex esposa, aunque usualmente el famoso pasa mayor tiempo en Espa\u00f1a.<br><\/p>\n\n\n\n<p class=\"wp-block-paragraph\">La primera vez que se contagi\u00f3 revel\u00f3 que fue una experiencia \u201cdesagradable\u201d, angustiante y \u201cverdaderamente traum\u00e1tica\u2026 comenc\u00e9 a sentir mucho fr\u00edo en las piernas y, de pronto, comenc\u00e9 a perder la respiraci\u00f3n, a ahogarme, a respirar con mucha dificultad\u201d, cont\u00f3 Vargas Llosa.<br><\/p>\n\n\n\n<p class=\"wp-block-paragraph\">El escritor record\u00f3 que, con fiebre muy alta y algo \u201cido\u201d, se puso \u201cmuy nervioso\u201d cuando escuch\u00f3 que deb\u00eda ser ingresado al tiempo que ten\u00eda la sensaci\u00f3n de que se iba quedando \u201csin respiraci\u00f3n\u201d, lo cual calific\u00f3 como una experiencia terrible.<br><\/p>\n\n\n\n<p class=\"wp-block-paragraph\">Sin embargo, a pesar de que su ingreso hospitalario se debi\u00f3 a complicaciones por la propia enfermedad, Llosa dijo que dej\u00f3 de sentir \u201cangustia\u201d una vez que fue internado y cont\u00f3 que ya estando hospitalizado incluso escribi\u00f3 un art\u00edculo.<\/p>\n","protected":false},"excerpt":{"rendered":"<p>El escritor peruano se encuentra nuevamente delicado de salud, pues se contagi\u00f3 de coronavirus a sus 87 a\u00f1os. Mario Vargas Llosa desat\u00f3 nuevamente preocupaci\u00f3n entre la comunidad de literatura y el mundo entero, pues otra vez ha sido internado debido a un contagio de coronavirus; cabe destacar que es la segunda vez que lo padece. [&hellip;]<\/p>\n","protected":false},"author":1,"featured_media":30385,"comment_status":"closed","ping_status":"closed","sticky":false,"template":"","format":"standard","meta":{"footnotes":""},"categories":[39],"tags":[],"class_list":["post-30384","post","type-post","status-publish","format-standard","has-post-thumbnail","hentry","category-espectaculos"],"_links":{"self":[{"href":"https:\/\/elinformante.mx\/index.php?rest_route=\/wp\/v2\/posts\/30384","targetHints":{"allow":["GET"]}}],"collection":[{"href":"https:\/\/elinformante.mx\/index.php?rest_route=\/wp\/v2\/posts"}],"about":[{"href":"https:\/\/elinformante.mx\/index.php?rest_route=\/wp\/v2\/types\/post"}],"author":[{"embeddable":true,"href":"https:\/\/elinformante.mx\/index.php?rest_route=\/wp\/v2\/users\/1"}],"replies":[{"embeddable":true,"href":"https:\/\/elinformante.mx\/index.php?rest_route=%2Fwp%2Fv2%2Fcomments&post=30384"}],"version-history":[{"count":0,"href":"https:\/\/elinformante.mx\/index.php?rest_route=\/wp\/v2\/posts\/30384\/revisions"}],"wp:featuredmedia":[{"embeddable":true,"href":"https:\/\/elinformante.mx\/index.php?rest_route=\/wp\/v2\/media\/30385"}],"wp:attachment":[{"href":"https:\/\/elinformante.mx\/index.php?rest_route=%2Fwp%2Fv2%2Fmedia&parent=30384"}],"wp:term":[{"taxonomy":"category","embeddable":true,"href":"https:\/\/elinformante.mx\/index.php?rest_route=%2Fwp%2Fv2%2Fcategories&post=30384"},{"taxonomy":"post_tag","embeddable":true,"href":"https:\/\/elinformante.mx\/index.php?rest_route=%2Fwp%2Fv2%2Ftags&post=30384"}],"curies":[{"name":"wp","href":"https:\/\/api.w.org\/{rel}","templated":true}]}}