{"id":30390,"date":"2023-07-04T14:07:58","date_gmt":"2023-07-04T14:07:58","guid":{"rendered":"https:\/\/elinformante.mx\/?p=30390"},"modified":"2023-07-04T14:07:59","modified_gmt":"2023-07-04T14:07:59","slug":"antorcha-olimpica-llegara-a-paris-el-14-de-julio-de-2024-dia-de-fiesta-en-francia","status":"publish","type":"post","link":"https:\/\/elinformante.mx\/?p=30390","title":{"rendered":"Antorcha ol\u00edmpica llegar\u00e1 a Par\u00eds el 14 de julio de 2024, d\u00eda de fiesta en Francia"},"content":{"rendered":"\n<blockquote class=\"wp-block-quote is-layout-flow wp-block-quote-is-layout-flow\">\n<p class=\"wp-block-paragraph\">La llama pasar\u00e1 por los 20 distritos de la capital, de forma que recorrer\u00e1 tanto sus grandes monumentos como sus lugares m\u00e1s cotidianos.<\/p>\n<\/blockquote>\n\n\n\n<p class=\"wp-block-paragraph\">La antorcha ol\u00edmpica llegar\u00e1 a Par\u00eds el 14 de julio de 2024, fiesta nacional de Francia que conmemora la toma de la prisi\u00f3n de la Bastilla en 1789, y recorrer\u00e1 la capital francesa durante dos d\u00edas, como parte del tour que realizar\u00e1 entre el 16 de abril al 26 de julio.<br><\/p>\n\n\n\n<p class=\"wp-block-paragraph\">Se trata as\u00ed de mostrar \u201cla historia de nuestras revoluciones y la historia de nuestra vida cotidiana\u201d, explic\u00f3 la alcaldesa de Par\u00eds, Anne Hidalgo, en la presentaci\u00f3n del recorrido en el Museo Carnavalet de historia de Par\u00eds, junto con Tony Estanguet, presidente del comit\u00e9 organizador de Par\u00eds 2024.<br><\/p>\n\n\n\n<p class=\"wp-block-paragraph\">\u201cEs una oportunidad extraordinaria para que nuestro pa\u00eds cuente qui\u00e9nes somos, con nuestros defectos y cualidades, nuestra historia y nuestra posible proyecci\u00f3n en el futuro\u201d, se\u00f1al\u00f3 Hidalgo.<br><\/p>\n\n\n\n<p class=\"wp-block-paragraph\">La llama pasar\u00e1 por los 20 distritos de la capital, de forma que recorrer\u00e1 tanto sus grandes monumentos como sus lugares m\u00e1s cotidianos.<br><\/p>\n\n\n\n<p class=\"wp-block-paragraph\">La ruta comenzar\u00e1 en los Campos El\u00edseos, con paradas en lugares como la plaza de la Bastilla, la Asamblea Nacional o el Pante\u00f3n durante el primer d\u00eda.<br><\/p>\n\n\n\n<p class=\"wp-block-paragraph\">El objetivo es recordar el pasado revolucionario de Francia y especialmente de Par\u00eds, encarnado especialmente por el dramaturgo V\u00edctor Hugo, cuya residencia, actualmente reconvertida en museo, formar\u00e1 parte del tour.<br><\/p>\n\n\n\n<p class=\"wp-block-paragraph\">Como record\u00f3 la alcaldesa, \u201cPar\u00eds es la cultura y el arte\u201d, dos aspectos caracter\u00edsticos de la ciudad simbolizados en el Museo del Louvre o el hist\u00f3rico teatro Olympia, por el que tambi\u00e9n pasar\u00e1 la llama ol\u00edmpica.<br><\/p>\n\n\n\n<p class=\"wp-block-paragraph\">La antorcha ol\u00edmpica, despu\u00e9s de un viaje por los departamentos y territorios franceses de ultramar, volver\u00e1 a Par\u00eds el 26 de julio desde el canal de Saint Denis, en la periferia parisina, por el que viajar\u00e1 hasta llegar al Sena hacia la ceremonia de apertura, en un trayecto que la organizaci\u00f3n todav\u00eda mantiene en secreto.<br><\/p>\n\n\n\n<p class=\"wp-block-paragraph\">En un momento en que Francia \u201cmuestra signos inquietantes\u201d, apunt\u00f3 Hidalgo, este recorrido busca ser la \u201coportunidad extraordinaria para llevar una esperanza\u201d en unos Juegos que se enfrentan \u201cal desaf\u00edo ecol\u00f3gico, social y democr\u00e1tico\u201d que vive el pa\u00eds, concluy\u00f3 la alcaldesa.<\/p>\n","protected":false},"excerpt":{"rendered":"<p>La llama pasar\u00e1 por los 20 distritos de la capital, de forma que recorrer\u00e1 tanto sus grandes monumentos como sus lugares m\u00e1s cotidianos. La antorcha ol\u00edmpica llegar\u00e1 a Par\u00eds el 14 de julio de 2024, fiesta nacional de Francia que conmemora la toma de la prisi\u00f3n de la Bastilla en 1789, y recorrer\u00e1 la capital [&hellip;]<\/p>\n","protected":false},"author":1,"featured_media":30391,"comment_status":"closed","ping_status":"closed","sticky":false,"template":"","format":"standard","meta":{"footnotes":""},"categories":[38],"tags":[],"class_list":["post-30390","post","type-post","status-publish","format-standard","has-post-thumbnail","hentry","category-deportes"],"_links":{"self":[{"href":"https:\/\/elinformante.mx\/index.php?rest_route=\/wp\/v2\/posts\/30390","targetHints":{"allow":["GET"]}}],"collection":[{"href":"https:\/\/elinformante.mx\/index.php?rest_route=\/wp\/v2\/posts"}],"about":[{"href":"https:\/\/elinformante.mx\/index.php?rest_route=\/wp\/v2\/types\/post"}],"author":[{"embeddable":true,"href":"https:\/\/elinformante.mx\/index.php?rest_route=\/wp\/v2\/users\/1"}],"replies":[{"embeddable":true,"href":"https:\/\/elinformante.mx\/index.php?rest_route=%2Fwp%2Fv2%2Fcomments&post=30390"}],"version-history":[{"count":0,"href":"https:\/\/elinformante.mx\/index.php?rest_route=\/wp\/v2\/posts\/30390\/revisions"}],"wp:featuredmedia":[{"embeddable":true,"href":"https:\/\/elinformante.mx\/index.php?rest_route=\/wp\/v2\/media\/30391"}],"wp:attachment":[{"href":"https:\/\/elinformante.mx\/index.php?rest_route=%2Fwp%2Fv2%2Fmedia&parent=30390"}],"wp:term":[{"taxonomy":"category","embeddable":true,"href":"https:\/\/elinformante.mx\/index.php?rest_route=%2Fwp%2Fv2%2Fcategories&post=30390"},{"taxonomy":"post_tag","embeddable":true,"href":"https:\/\/elinformante.mx\/index.php?rest_route=%2Fwp%2Fv2%2Ftags&post=30390"}],"curies":[{"name":"wp","href":"https:\/\/api.w.org\/{rel}","templated":true}]}}