{"id":30409,"date":"2023-07-04T14:26:10","date_gmt":"2023-07-04T14:26:10","guid":{"rendered":"https:\/\/elinformante.mx\/?p=30409"},"modified":"2023-07-04T14:26:12","modified_gmt":"2023-07-04T14:26:12","slug":"rehabilitan-plaza-panamericana-en-el-municipio-de-san-mateo-atenco","status":"publish","type":"post","link":"https:\/\/elinformante.mx\/?p=30409","title":{"rendered":"Rehabilitan Plaza Panamericana en el municipio de San Mateo Atenco"},"content":{"rendered":"\n<blockquote class=\"wp-block-quote is-layout-flow wp-block-quote-is-layout-flow\">\n<p class=\"wp-block-paragraph\">La presidenta municipal de San Mateo Atenco, Ana Mu\u00f1iz refiri\u00f3 que esta v\u00eda trae consigo una trascendencia en las condiciones de convivencia de la poblaci\u00f3n.<\/p>\n<\/blockquote>\n\n\n\n<p class=\"wp-block-paragraph\">La Secretaria de Seguridad del Estado de M\u00e9xico entreg\u00f3 la rehabilitaci\u00f3n de la Plaza Panamericana en el municipio de San Mateo Atenco, un espacio de cruce de miles de trabajadores de las zonas industriales y habitantes de los municipios de Lerma, Toluca y San Mateo Atenco.<br><\/p>\n\n\n\n<p class=\"wp-block-paragraph\">El Secretario de Seguridad de la entidad mexiquense, Rodrigo Mart\u00ednez-Celis Wogau abund\u00f3 que este tipo de encuentros mejoran las capacidades en la prevenci\u00f3n del delito, el combate en tiempo real a la delincuencia como en los procesos de investigaci\u00f3n. (Foto: especial).<br><\/p>\n\n\n\n<figure class=\"wp-block-image size-large\"><img fetchpriority=\"high\" decoding=\"async\" width=\"1024\" height=\"503\" src=\"https:\/\/elinformante.mx\/wp-content\/uploads\/2023\/07\/rehabilitan-2-1024x503.jpg\" alt=\"\" class=\"wp-image-30411\" srcset=\"https:\/\/elinformante.mx\/wp-content\/uploads\/2023\/07\/rehabilitan-2-1024x503.jpg 1024w, https:\/\/elinformante.mx\/wp-content\/uploads\/2023\/07\/rehabilitan-2-300x147.jpg 300w, https:\/\/elinformante.mx\/wp-content\/uploads\/2023\/07\/rehabilitan-2-768x377.jpg 768w, https:\/\/elinformante.mx\/wp-content\/uploads\/2023\/07\/rehabilitan-2-580x285.jpg 580w, https:\/\/elinformante.mx\/wp-content\/uploads\/2023\/07\/rehabilitan-2-860x422.jpg 860w, https:\/\/elinformante.mx\/wp-content\/uploads\/2023\/07\/rehabilitan-2.jpg 1140w\" sizes=\"(max-width: 1024px) 100vw, 1024px\" \/><\/figure>\n\n\n\n<p class=\"wp-block-paragraph\">En esta plaza se encuentra colocado uno de los tres Arcos que conforman el Camino Real de Tierra Adentro que reconoci\u00f3 la UNESCO en 2011 y la Carretera Panamericana que conecta Alaska, Estados Unidos, M\u00e9xico y conecta Am\u00e9rica Central hasta Argentina.<br><\/p>\n\n\n\n<p class=\"wp-block-paragraph\">Rodrigo Mart\u00ednez Celis, Secretario de Seguridad en la entidad indicio que el resultado es un trabajo de coordinaci\u00f3n con autoridades municipales, federales y la iniciativa privada lo que se dado como resultado la disminuci\u00f3n en los \u00edndices delictivos a los largo de los \u00faltimos 3 a\u00f1os.<br><\/p>\n\n\n\n<figure class=\"wp-block-image size-large\"><img decoding=\"async\" width=\"1024\" height=\"503\" src=\"https:\/\/elinformante.mx\/wp-content\/uploads\/2023\/07\/rehabilitan-1024x503.jpg\" alt=\"\" class=\"wp-image-30412\" srcset=\"https:\/\/elinformante.mx\/wp-content\/uploads\/2023\/07\/rehabilitan-1024x503.jpg 1024w, https:\/\/elinformante.mx\/wp-content\/uploads\/2023\/07\/rehabilitan-300x147.jpg 300w, https:\/\/elinformante.mx\/wp-content\/uploads\/2023\/07\/rehabilitan-768x377.jpg 768w, https:\/\/elinformante.mx\/wp-content\/uploads\/2023\/07\/rehabilitan-580x285.jpg 580w, https:\/\/elinformante.mx\/wp-content\/uploads\/2023\/07\/rehabilitan-860x422.jpg 860w, https:\/\/elinformante.mx\/wp-content\/uploads\/2023\/07\/rehabilitan.jpg 1140w\" sizes=\"(max-width: 1024px) 100vw, 1024px\" \/><\/figure>\n\n\n\n<p class=\"wp-block-paragraph\">\u201cOctubre de 2020 a 2023 se ha registrado una disminuci\u00f3n en secuestro con una ca\u00edda del 54 por ciento, narcomenudeo 51, rob\u00f3 a negocio con violencia con 40 por ciento, rob\u00f3 a veh\u00edculo 36, rob\u00f3 a transportista con violencia del 29 por ciento, robo a transporte p\u00fablico con violencia 22 por ciento y feminicidio 22\u201d<br><\/p>\n\n\n\n<p class=\"wp-block-paragraph\">En el encuentro la presidenta municipal de San Mateo Atenco, Ana Mu\u00f1iz refiri\u00f3 que esta v\u00eda trae consigo una trascendencia en las condiciones de convivencia de la poblaci\u00f3n al poder transitar en espacios seguros, lo que se ver\u00e1 fortalecido con acciones en materia de esparcimiento, cultura vial y de convivencia entre automovilistas y ciclistas.<\/p>\n","protected":false},"excerpt":{"rendered":"<p>La presidenta municipal de San Mateo Atenco, Ana Mu\u00f1iz refiri\u00f3 que esta v\u00eda trae consigo una trascendencia en las condiciones de convivencia de la poblaci\u00f3n. La Secretaria de Seguridad del Estado de M\u00e9xico entreg\u00f3 la rehabilitaci\u00f3n de la Plaza Panamericana en el municipio de San Mateo Atenco, un espacio de cruce de miles de trabajadores [&hellip;]<\/p>\n","protected":false},"author":1,"featured_media":30410,"comment_status":"closed","ping_status":"closed","sticky":false,"template":"","format":"standard","meta":{"footnotes":""},"categories":[30,36],"tags":[],"class_list":["post-30409","post","type-post","status-publish","format-standard","has-post-thumbnail","hentry","category-destacado","category-edomex"],"_links":{"self":[{"href":"https:\/\/elinformante.mx\/index.php?rest_route=\/wp\/v2\/posts\/30409","targetHints":{"allow":["GET"]}}],"collection":[{"href":"https:\/\/elinformante.mx\/index.php?rest_route=\/wp\/v2\/posts"}],"about":[{"href":"https:\/\/elinformante.mx\/index.php?rest_route=\/wp\/v2\/types\/post"}],"author":[{"embeddable":true,"href":"https:\/\/elinformante.mx\/index.php?rest_route=\/wp\/v2\/users\/1"}],"replies":[{"embeddable":true,"href":"https:\/\/elinformante.mx\/index.php?rest_route=%2Fwp%2Fv2%2Fcomments&post=30409"}],"version-history":[{"count":0,"href":"https:\/\/elinformante.mx\/index.php?rest_route=\/wp\/v2\/posts\/30409\/revisions"}],"wp:featuredmedia":[{"embeddable":true,"href":"https:\/\/elinformante.mx\/index.php?rest_route=\/wp\/v2\/media\/30410"}],"wp:attachment":[{"href":"https:\/\/elinformante.mx\/index.php?rest_route=%2Fwp%2Fv2%2Fmedia&parent=30409"}],"wp:term":[{"taxonomy":"category","embeddable":true,"href":"https:\/\/elinformante.mx\/index.php?rest_route=%2Fwp%2Fv2%2Fcategories&post=30409"},{"taxonomy":"post_tag","embeddable":true,"href":"https:\/\/elinformante.mx\/index.php?rest_route=%2Fwp%2Fv2%2Ftags&post=30409"}],"curies":[{"name":"wp","href":"https:\/\/api.w.org\/{rel}","templated":true}]}}