{"id":30433,"date":"2023-07-04T14:58:14","date_gmt":"2023-07-04T14:58:14","guid":{"rendered":"https:\/\/elinformante.mx\/?p=30433"},"modified":"2023-07-04T14:58:14","modified_gmt":"2023-07-04T14:58:14","slug":"anuncian-tercer-congreso-latinoamericano-sobre-feminismo-genero-y-derechos-humanos-de-las-mujeres","status":"publish","type":"post","link":"https:\/\/elinformante.mx\/?p=30433","title":{"rendered":"Anuncian Tercer Congreso Latinoamericano sobre Feminismo, G\u00e9nero y Derechos Humanos de las Mujeres"},"content":{"rendered":"\n<blockquote class=\"wp-block-quote is-layout-flow wp-block-quote-is-layout-flow\">\n<p class=\"wp-block-paragraph\">Se llevar\u00e1 a cabo los d\u00edas 18 y 19 de julio del presente a\u00f1o en el Teatro Centenario Tlalnepantla.<\/p>\n<\/blockquote>\n\n\n\n<p class=\"wp-block-paragraph\">Como parte de las acciones emprendidas en materia de prevenci\u00f3n y atenci\u00f3n de la violencia de g\u00e9nero, prioridad del Gobernador Alfredo Del Mazo Maza, la Secretar\u00eda de las Mujeres (Semujeres) llevar\u00e1 a cabo el Tercer Congreso Latinoamericano sobre Feminismo, G\u00e9nero y Derechos Humanos de las Mujeres.<br><\/p>\n\n\n\n<p class=\"wp-block-paragraph\">La titular de la dependencia, Denisse Ugalde Alegr\u00eda, refiri\u00f3 que este Tercer Congreso tiene como objetivo generar un espacio de intercambio acad\u00e9mico, de experiencias gubernamentales y con la sociedad civil, a fin de reflexionar sobre los avances y desaf\u00edos de la agenda feminista en la incidencia de pol\u00edticas p\u00fablicas con perspectiva de g\u00e9nero y derechos humanos.<br><\/p>\n\n\n\n<figure class=\"wp-block-image size-large\"><img fetchpriority=\"high\" decoding=\"async\" width=\"1024\" height=\"503\" src=\"https:\/\/elinformante.mx\/wp-content\/uploads\/2023\/07\/anuncian-1024x503.jpg\" alt=\"\" class=\"wp-image-30435\" srcset=\"https:\/\/elinformante.mx\/wp-content\/uploads\/2023\/07\/anuncian-1024x503.jpg 1024w, https:\/\/elinformante.mx\/wp-content\/uploads\/2023\/07\/anuncian-300x147.jpg 300w, https:\/\/elinformante.mx\/wp-content\/uploads\/2023\/07\/anuncian-768x377.jpg 768w, https:\/\/elinformante.mx\/wp-content\/uploads\/2023\/07\/anuncian-580x285.jpg 580w, https:\/\/elinformante.mx\/wp-content\/uploads\/2023\/07\/anuncian-860x422.jpg 860w, https:\/\/elinformante.mx\/wp-content\/uploads\/2023\/07\/anuncian.jpg 1140w\" sizes=\"(max-width: 1024px) 100vw, 1024px\" \/><\/figure>\n\n\n\n<p class=\"wp-block-paragraph\">El Congreso, organizado por la Direcci\u00f3n General de Perspectiva de G\u00e9nero, se llevar\u00e1 a cabo los d\u00edas 18 y 19 de julio del presente a\u00f1o, de 9:00 a 18:30 horas, en el Teatro Centenario Tlalnepantla, ubicado en calle Roberto Fulton, San Lorenzo, n\u00famero 54033, en Tlalnepantla.<br><\/p>\n\n\n\n<p class=\"wp-block-paragraph\">Ser\u00e1 dirigido al p\u00fablico en general, academia, activistas, personas defensoras de los derechos humanos y organizaciones de la sociedad civil, el registro se puede realizar en la siguiente liga: bit.ly\/CongresoSeMujeresEdom\u00e9x.<br><\/p>\n\n\n\n<p class=\"wp-block-paragraph\">Algunas de las actividades que se desarrollar\u00e1n ser\u00e1n conferencias magistrales y paneles sobre temas de justicia para las mujeres, violencia contra las mujeres, urbanismo feminista, feminismos, entre otros, a cargo de especialistas en la materia.<\/p>\n","protected":false},"excerpt":{"rendered":"<p>Se llevar\u00e1 a cabo los d\u00edas 18 y 19 de julio del presente a\u00f1o en el Teatro Centenario Tlalnepantla. Como parte de las acciones emprendidas en materia de prevenci\u00f3n y atenci\u00f3n de la violencia de g\u00e9nero, prioridad del Gobernador Alfredo Del Mazo Maza, la Secretar\u00eda de las Mujeres (Semujeres) llevar\u00e1 a cabo el Tercer Congreso [&hellip;]<\/p>\n","protected":false},"author":1,"featured_media":30434,"comment_status":"closed","ping_status":"closed","sticky":false,"template":"","format":"standard","meta":{"footnotes":""},"categories":[30,36],"tags":[],"class_list":["post-30433","post","type-post","status-publish","format-standard","has-post-thumbnail","hentry","category-destacado","category-edomex"],"_links":{"self":[{"href":"https:\/\/elinformante.mx\/index.php?rest_route=\/wp\/v2\/posts\/30433","targetHints":{"allow":["GET"]}}],"collection":[{"href":"https:\/\/elinformante.mx\/index.php?rest_route=\/wp\/v2\/posts"}],"about":[{"href":"https:\/\/elinformante.mx\/index.php?rest_route=\/wp\/v2\/types\/post"}],"author":[{"embeddable":true,"href":"https:\/\/elinformante.mx\/index.php?rest_route=\/wp\/v2\/users\/1"}],"replies":[{"embeddable":true,"href":"https:\/\/elinformante.mx\/index.php?rest_route=%2Fwp%2Fv2%2Fcomments&post=30433"}],"version-history":[{"count":0,"href":"https:\/\/elinformante.mx\/index.php?rest_route=\/wp\/v2\/posts\/30433\/revisions"}],"wp:featuredmedia":[{"embeddable":true,"href":"https:\/\/elinformante.mx\/index.php?rest_route=\/wp\/v2\/media\/30434"}],"wp:attachment":[{"href":"https:\/\/elinformante.mx\/index.php?rest_route=%2Fwp%2Fv2%2Fmedia&parent=30433"}],"wp:term":[{"taxonomy":"category","embeddable":true,"href":"https:\/\/elinformante.mx\/index.php?rest_route=%2Fwp%2Fv2%2Fcategories&post=30433"},{"taxonomy":"post_tag","embeddable":true,"href":"https:\/\/elinformante.mx\/index.php?rest_route=%2Fwp%2Fv2%2Ftags&post=30433"}],"curies":[{"name":"wp","href":"https:\/\/api.w.org\/{rel}","templated":true}]}}