{"id":30437,"date":"2023-07-04T15:08:44","date_gmt":"2023-07-04T15:08:44","guid":{"rendered":"https:\/\/elinformante.mx\/?p=30437"},"modified":"2023-07-04T15:08:45","modified_gmt":"2023-07-04T15:08:45","slug":"refuerza-edomex-procesos-de-atencion-a-periodistas-y-activistas-de-derechos-humanos","status":"publish","type":"post","link":"https:\/\/elinformante.mx\/?p=30437","title":{"rendered":"Refuerza Edom\u00e9x procesos de atenci\u00f3n a periodistas y activistas de derechos humanos"},"content":{"rendered":"\n<blockquote class=\"wp-block-quote is-layout-flow wp-block-quote-is-layout-flow\">\n<p class=\"wp-block-paragraph\">Imparte Carolina Santos, Coordinadora General de la Red de Mujeres Ind\u00edgenas del Estado de M\u00e9xico, capacitaci\u00f3n sobre la defensa de los Derechos Humanos desde el servicio p\u00fablico.<\/p>\n<\/blockquote>\n\n\n\n<p class=\"wp-block-paragraph\">Como parte de las acciones de profesionalizaci\u00f3n, integrantes del Mecanismo de Protecci\u00f3n Integral para Periodistas y Personas Defensoras de los Derechos Humanos del Estado de M\u00e9xico, han recibido 40 jornadas de capacitaci\u00f3n y sensibilizaci\u00f3n.<br><\/p>\n\n\n\n<p class=\"wp-block-paragraph\">En la m\u00e1s reciente, impartida por la Coordinadora General de la Red de Mujeres Ind\u00edgenas del Estado de M\u00e9xico, Carolina Santos, se dieron a conocer acciones estrat\u00e9gicas para promover y proteger los derechos de los integrantes de los pueblos originarios.<br><\/p>\n\n\n\n<p class=\"wp-block-paragraph\">\u201cPrimero es tener la sensibilidad de que se est\u00e1 desempe\u00f1ando una labor que puede garantizar o privar los derechos humanos de las personas, segundo que es fundamental realizar este rol lo mejor posible justamente para que podamos construir una sociedad m\u00e1s justa, una sociedad m\u00e1s equitativa y que con ello tambi\u00e9n podamos sumar a disminuir las violencias e injusticias cometidas en nuestra sociedad de manera cotidiana\u201d, indic\u00f3 Carolina Santos.<br><\/p>\n\n\n\n<figure class=\"wp-block-image size-large\"><img fetchpriority=\"high\" decoding=\"async\" width=\"1024\" height=\"503\" src=\"https:\/\/elinformante.mx\/wp-content\/uploads\/2023\/07\/REFUERZA-2-1024x503.jpg\" alt=\"\" class=\"wp-image-30439\" srcset=\"https:\/\/elinformante.mx\/wp-content\/uploads\/2023\/07\/REFUERZA-2-1024x503.jpg 1024w, https:\/\/elinformante.mx\/wp-content\/uploads\/2023\/07\/REFUERZA-2-300x147.jpg 300w, https:\/\/elinformante.mx\/wp-content\/uploads\/2023\/07\/REFUERZA-2-768x377.jpg 768w, https:\/\/elinformante.mx\/wp-content\/uploads\/2023\/07\/REFUERZA-2-580x285.jpg 580w, https:\/\/elinformante.mx\/wp-content\/uploads\/2023\/07\/REFUERZA-2-860x422.jpg 860w, https:\/\/elinformante.mx\/wp-content\/uploads\/2023\/07\/REFUERZA-2.jpg 1140w\" sizes=\"(max-width: 1024px) 100vw, 1024px\" \/><\/figure>\n\n\n\n<p class=\"wp-block-paragraph\">La tambi\u00e9n ganadora de la Presea Estado de M\u00e9xico 2022 a la Defensa de los Derechos Humanos \u201cJos\u00e9 Mar\u00eda Morelos y Pav\u00f3n\u201d, destac\u00f3 la importancia de fortalecer las acciones, programas y protocolos, para dar una atenci\u00f3n \u00f3ptima a periodistas y activistas.<br><\/p>\n\n\n\n<p class=\"wp-block-paragraph\">\u201cLas personas que est\u00e1n en alguna instituci\u00f3n generalmente est\u00e1n cumpliendo un rol para garantizar un derecho humano entonces por ello es muy importante que conozcan cu\u00e1les son los avances y retos que tenemos en temas de derechos humanos porque siempre hay la posibilidad de aproximarse a alguna situaci\u00f3n en la cual est\u00e9 involucrada un defensor o defensora de derechos humanos\u201d, expres\u00f3 Carolina Santos.<br><\/p>\n\n\n\n<p class=\"wp-block-paragraph\">Ante la Coordinadora Ejecutiva del CEMPIDH, Lorena Moreno, se inform\u00f3 que estas acciones se replican hacia personal de otras dependencias y sectores. A la fecha, se han realizado 26 capacitaciones y talleres a acad\u00e9micos, administrativos y elementos de seguridad p\u00fablica municipal, agentes del ministerio p\u00fablico, entre otros; a fin de promover, respetar y garantizar entornos libres y seguros para estos sectores.<br><\/p>\n\n\n\n<p class=\"wp-block-paragraph\">Destacan temas como Derechos Humanos de las V\u00edctimas del Delito; Integridad Personal y Prevenci\u00f3n de la Tortura, Seguridad P\u00fablica, Libertad de Prensa y Derecho de R\u00e9plica, Libertad de Expresi\u00f3n.<\/p>\n","protected":false},"excerpt":{"rendered":"<p>Imparte Carolina Santos, Coordinadora General de la Red de Mujeres Ind\u00edgenas del Estado de M\u00e9xico, capacitaci\u00f3n sobre la defensa de los Derechos Humanos desde el servicio p\u00fablico. Como parte de las acciones de profesionalizaci\u00f3n, integrantes del Mecanismo de Protecci\u00f3n Integral para Periodistas y Personas Defensoras de los Derechos Humanos del Estado de M\u00e9xico, han recibido [&hellip;]<\/p>\n","protected":false},"author":1,"featured_media":30438,"comment_status":"closed","ping_status":"closed","sticky":false,"template":"","format":"standard","meta":{"footnotes":""},"categories":[36],"tags":[],"class_list":["post-30437","post","type-post","status-publish","format-standard","has-post-thumbnail","hentry","category-edomex"],"_links":{"self":[{"href":"https:\/\/elinformante.mx\/index.php?rest_route=\/wp\/v2\/posts\/30437","targetHints":{"allow":["GET"]}}],"collection":[{"href":"https:\/\/elinformante.mx\/index.php?rest_route=\/wp\/v2\/posts"}],"about":[{"href":"https:\/\/elinformante.mx\/index.php?rest_route=\/wp\/v2\/types\/post"}],"author":[{"embeddable":true,"href":"https:\/\/elinformante.mx\/index.php?rest_route=\/wp\/v2\/users\/1"}],"replies":[{"embeddable":true,"href":"https:\/\/elinformante.mx\/index.php?rest_route=%2Fwp%2Fv2%2Fcomments&post=30437"}],"version-history":[{"count":0,"href":"https:\/\/elinformante.mx\/index.php?rest_route=\/wp\/v2\/posts\/30437\/revisions"}],"wp:featuredmedia":[{"embeddable":true,"href":"https:\/\/elinformante.mx\/index.php?rest_route=\/wp\/v2\/media\/30438"}],"wp:attachment":[{"href":"https:\/\/elinformante.mx\/index.php?rest_route=%2Fwp%2Fv2%2Fmedia&parent=30437"}],"wp:term":[{"taxonomy":"category","embeddable":true,"href":"https:\/\/elinformante.mx\/index.php?rest_route=%2Fwp%2Fv2%2Fcategories&post=30437"},{"taxonomy":"post_tag","embeddable":true,"href":"https:\/\/elinformante.mx\/index.php?rest_route=%2Fwp%2Fv2%2Ftags&post=30437"}],"curies":[{"name":"wp","href":"https:\/\/api.w.org\/{rel}","templated":true}]}}