{"id":30453,"date":"2023-07-04T15:20:31","date_gmt":"2023-07-04T15:20:31","guid":{"rendered":"https:\/\/elinformante.mx\/?p=30453"},"modified":"2023-07-04T15:20:31","modified_gmt":"2023-07-04T15:20:31","slug":"no-hay-fundamento-juridico-para-pedir-informacion-sobre-salarios-de-ministros","status":"publish","type":"post","link":"https:\/\/elinformante.mx\/?p=30453","title":{"rendered":"No hay fundamento jur\u00eddico para pedir informaci\u00f3n sobre salarios de Ministros"},"content":{"rendered":"\n<blockquote class=\"wp-block-quote is-layout-flow wp-block-quote-is-layout-flow\">\n<p class=\"wp-block-paragraph\">No existe un fundamento jur\u00eddico para que la Segob solicite informaci\u00f3n sobre los sueldo de los integrantes el Pleno de la Suprema Corte de Justicia de la Naci\u00f3n.<\/p>\n<\/blockquote>\n\n\n\n<p class=\"wp-block-paragraph\">No existe un fundamento jur\u00eddico para que la Secretaria de Gobernaci\u00f3n (Segob) solicite informaci\u00f3n sobre los salarios de los integrantes el Pleno de la Suprema Corte de Justicia de la Naci\u00f3n (SCJN), respondi\u00f3 el M\u00e1ximo Tribunal a la petici\u00f3n realizada por la nueva titular, Luisa Mar\u00eda Alcalde, realizada el pasado 27 de junio.<br><\/p>\n\n\n\n<p class=\"wp-block-paragraph\">Se le comunica que los preceptos citados en dicho escrito no constituyen el fundamento jur\u00eddico para que la Segob realice una petici\u00f3n de esa naturaleza a la SCJN\u201d, respondi\u00f3 el secretario General de Acuerdos de la Corte, Rafael Coello Cetina.<br><\/p>\n\n\n\n<p class=\"wp-block-paragraph\">Se le indic\u00f3 a gobernaci\u00f3n que lo establecido en el art\u00edculo 127 constitucional, respecto al salario del presidente y de los integrantes de la Administraci\u00f3n P\u00fablica Federal (APF), le compete solo a ese poder, como lo establece el art\u00edculo 27, fracci\u00f3n VII, de la Carta Magna.<br><\/p>\n\n\n\n<p class=\"wp-block-paragraph\">Adem\u00e1s, se le explic\u00f3 a la Segob, los art\u00edculos 49 y 90 de a Constituci\u00f3n prev\u00e9n la divisi\u00f3n de poderes.<br><\/p>\n\n\n\n<p class=\"wp-block-paragraph\">El art\u00edculo 27, fracci\u00f3n VII, en relaci\u00f3n con el 1\u00ba de la Ley Org\u00e1nica de la Administraci\u00f3n P\u00fablica Federal es vinculante \u00fanicamente las dependencias y entidades que la integran, en t\u00e9rminos de lo dispuesto en los art\u00edculos 49 y 90 de la Constituci\u00f3n General, que prev\u00e9n la divisi\u00f3n de poderes, as\u00ed como la integraci\u00f3n y funcionamiento de aqu\u00e9lla\u201d, indic\u00f3 Coello Cetina.<br><\/p>\n\n\n\n<p class=\"wp-block-paragraph\">Sin embargo, el secretario general de Acuerdos de la Corte, explic\u00f3 que \u201cen funci\u00f3n de fortalecer el di\u00e1logo entre poder del Estado y en aras de rendir cuentas\u201d, se explicaba lo relacionado con el salario de los integrantes de la SCJN.<br><\/p>\n\n\n\n<p class=\"wp-block-paragraph\">Se indic\u00f3 que la remuneraci\u00f3n de los ministros no puede reducirse por acuerdo de otros poderes, que el monto es p\u00fablico y que los salarios no pueden ser diferenciados.<br><\/p>\n\n\n\n<p class=\"wp-block-paragraph\">La Corte explic\u00f3 que, como lo establece el Art\u00edculo 127 de la Constituci\u00f3n, el salario bruto incluye prestaciones propias del encargo, como habitaci\u00f3n, seguridad, alimentaci\u00f3n, transporte, servicios de salud y otros que reciben todos los funcionarios de la APF.<br><\/p>\n\n\n\n<p class=\"wp-block-paragraph\">Adem\u00e1s, se le record\u00f3 a la Segob que en enero de 2019 el pleno de la Corte resolvi\u00f3 reducirse el 24 por ciento de su salario, respecto a los de 2018, decisi\u00f3n que se tom\u00f3 al llegar a la presidencia del M\u00e1ximo Tribunal el ministro Arturo Zald\u00edvar.<br><\/p>\n\n\n\n<p class=\"wp-block-paragraph\">El Art\u00edculo 94 constitucional establece que la remuneraci\u00f3n que perciban los Ministros de la Suprema Corte, los Magistrados de Circuito, los Jueces de Distrito y los Consejeros de la Judicatura Federal, as\u00ed como los Magistrados electorales, no podr\u00e1 ser disminuida durante su encargo\u201d, determin\u00f3 la SCJN, en 2019.<br><\/p>\n\n\n\n<p class=\"wp-block-paragraph\">Sobre el pago diferenciado, se explic\u00f3 que el Art\u00edculo 123 constitucional establece el principio de que a trabajo igual debe corresponder salario igual.<br><\/p>\n\n\n\n<p class=\"wp-block-paragraph\">Derivado de lo anterior, las percepciones que reciben los Ministros de la Suprema Corte no pueden ser diferenciadas ni pueden ser disminuidas por actos provenientes de los otros Poderes\u201d, agreg\u00f3 Coello Cetina.<\/p>\n","protected":false},"excerpt":{"rendered":"<p>No existe un fundamento jur\u00eddico para que la Segob solicite informaci\u00f3n sobre los sueldo de los integrantes el Pleno de la Suprema Corte de Justicia de la Naci\u00f3n. No existe un fundamento jur\u00eddico para que la Secretaria de Gobernaci\u00f3n (Segob) solicite informaci\u00f3n sobre los salarios de los integrantes el Pleno de la Suprema Corte de [&hellip;]<\/p>\n","protected":false},"author":1,"featured_media":30454,"comment_status":"closed","ping_status":"closed","sticky":false,"template":"","format":"standard","meta":{"footnotes":""},"categories":[34],"tags":[],"class_list":["post-30453","post","type-post","status-publish","format-standard","has-post-thumbnail","hentry","category-nacional"],"_links":{"self":[{"href":"https:\/\/elinformante.mx\/index.php?rest_route=\/wp\/v2\/posts\/30453","targetHints":{"allow":["GET"]}}],"collection":[{"href":"https:\/\/elinformante.mx\/index.php?rest_route=\/wp\/v2\/posts"}],"about":[{"href":"https:\/\/elinformante.mx\/index.php?rest_route=\/wp\/v2\/types\/post"}],"author":[{"embeddable":true,"href":"https:\/\/elinformante.mx\/index.php?rest_route=\/wp\/v2\/users\/1"}],"replies":[{"embeddable":true,"href":"https:\/\/elinformante.mx\/index.php?rest_route=%2Fwp%2Fv2%2Fcomments&post=30453"}],"version-history":[{"count":0,"href":"https:\/\/elinformante.mx\/index.php?rest_route=\/wp\/v2\/posts\/30453\/revisions"}],"wp:featuredmedia":[{"embeddable":true,"href":"https:\/\/elinformante.mx\/index.php?rest_route=\/wp\/v2\/media\/30454"}],"wp:attachment":[{"href":"https:\/\/elinformante.mx\/index.php?rest_route=%2Fwp%2Fv2%2Fmedia&parent=30453"}],"wp:term":[{"taxonomy":"category","embeddable":true,"href":"https:\/\/elinformante.mx\/index.php?rest_route=%2Fwp%2Fv2%2Fcategories&post=30453"},{"taxonomy":"post_tag","embeddable":true,"href":"https:\/\/elinformante.mx\/index.php?rest_route=%2Fwp%2Fv2%2Ftags&post=30453"}],"curies":[{"name":"wp","href":"https:\/\/api.w.org\/{rel}","templated":true}]}}